{"id":9988,"date":"2015-01-21T16:59:39","date_gmt":"2015-01-21T21:59:39","guid":{"rendered":"http:\/\/arcoproperties.com\/?p=9988"},"modified":"2015-01-21T16:59:39","modified_gmt":"2015-01-21T21:59:39","slug":"feria-la-libelula-en-la-vecindad","status":"publish","type":"post","link":"https:\/\/arcoproperties.com\/es\/feria-la-libelula-en-la-vecindad\/","title":{"rendered":"Feria La Lib\u00e9lula en La Vecindad"},"content":{"rendered":"<div style=\"margin-top: 0px; margin-bottom: 0px;\" class=\"sharethis-inline-share-buttons\" ><\/div><p>Panam\u00e1, Casco Viejo, Casco Antiguo<\/p>\n<p>El fin de semana pasado, La Vecindad abri\u00f3 sus puertas a la peque\u00f1a feria La Lib\u00e9lula, una iniciativa de un grupo de j\u00f3venes dise\u00f1adoras quienes se unieron para promover sus productos. La feria ser\u00e1 m\u00f3vil, y entiendo que la pr\u00f3xima ser\u00e1 en marzo.<\/p>\n<p>Me encant\u00f3 ver a una de las dise\u00f1adoras de piezas que he comprado en Mamitas.\u00a0 Saber que el emprendeurismo va ganando espacio poco a poco en nuestro pa\u00eds y que el Casco sea una opci\u00f3n para este tipo de actividades.\u00a0 Gracias a las chicas de Lib\u00e9lula por la actividad y a La Vecindad por brindar el espacio!<\/p>\n<p><a href=\"http:\/\/arcoproperties.com\/wp-content\/uploads\/2015\/01\/libelula-at-Vecindad.jpg\"><img loading=\"lazy\" decoding=\"async\" class=\"aligncenter size-medium wp-image-9985\" src=\"http:\/\/arcoproperties.com\/wp-content\/uploads\/2015\/01\/libelula-at-Vecindad-300x225.jpg\" alt=\"libelula at Vecindad\" width=\"300\" height=\"225\" srcset=\"https:\/\/arcoproperties.com\/wp-content\/uploads\/2015\/01\/libelula-at-Vecindad-300x225.jpg 300w, https:\/\/arcoproperties.com\/wp-content\/uploads\/2015\/01\/libelula-at-Vecindad.jpg 1024w\" sizes=\"auto, (max-width: 300px) 100vw, 300px\" \/><\/a> <a href=\"http:\/\/arcoproperties.com\/wp-content\/uploads\/2015\/01\/libelula.jpg\"><img loading=\"lazy\" decoding=\"async\" class=\"aligncenter size-medium wp-image-9986\" src=\"http:\/\/arcoproperties.com\/wp-content\/uploads\/2015\/01\/libelula-300x225.jpg\" alt=\"libelula\" width=\"300\" height=\"225\" srcset=\"https:\/\/arcoproperties.com\/wp-content\/uploads\/2015\/01\/libelula-300x225.jpg 300w, https:\/\/arcoproperties.com\/wp-content\/uploads\/2015\/01\/libelula.jpg 1024w\" sizes=\"auto, (max-width: 300px) 100vw, 300px\" \/><\/a><\/p>\n","protected":false},"excerpt":{"rendered":"<p>Panam\u00e1, Casco Viejo, Casco Antiguo El fin de semana pasado, La Vecindad abri\u00f3 sus puertas a la peque\u00f1a feria La Lib\u00e9lula, una iniciativa de un grupo de j\u00f3venes dise\u00f1adoras quienes se unieron para promover sus productos. La feria ser\u00e1 m\u00f3vil, y entiendo que la pr\u00f3xima ser\u00e1 en marzo. Me encant\u00f3 ver a una de las [&hellip;]<\/p>\n","protected":false},"author":5,"featured_media":0,"comment_status":"open","ping_status":"closed","sticky":false,"template":"","format":"standard","meta":{"footnotes":""},"categories":[156,877],"tags":[826,934,933],"class_list":["post-9988","post","type-post","status-publish","format-standard","hentry","category-casco-antiguo","category-casco-viejo-casco-antiguo","tag-casco-viejo-eventos","tag-panama-casco-antiguo-es","tag-panama-casco-viejo-es"],"aioseo_notices":[],"_links":{"self":[{"href":"https:\/\/arcoproperties.com\/es\/wp-json\/wp\/v2\/posts\/9988","targetHints":{"allow":["GET"]}}],"collection":[{"href":"https:\/\/arcoproperties.com\/es\/wp-json\/wp\/v2\/posts"}],"about":[{"href":"https:\/\/arcoproperties.com\/es\/wp-json\/wp\/v2\/types\/post"}],"author":[{"embeddable":true,"href":"https:\/\/arcoproperties.com\/es\/wp-json\/wp\/v2\/users\/5"}],"replies":[{"embeddable":true,"href":"https:\/\/arcoproperties.com\/es\/wp-json\/wp\/v2\/comments?post=9988"}],"version-history":[{"count":0,"href":"https:\/\/arcoproperties.com\/es\/wp-json\/wp\/v2\/posts\/9988\/revisions"}],"wp:attachment":[{"href":"https:\/\/arcoproperties.com\/es\/wp-json\/wp\/v2\/media?parent=9988"}],"wp:term":[{"taxonomy":"category","embeddable":true,"href":"https:\/\/arcoproperties.com\/es\/wp-json\/wp\/v2\/categories?post=9988"},{"taxonomy":"post_tag","embeddable":true,"href":"https:\/\/arcoproperties.com\/es\/wp-json\/wp\/v2\/tags?post=9988"}],"curies":[{"name":"wp","href":"https:\/\/api.w.org\/{rel}","templated":true}]}}