{"id":9980,"date":"2015-01-20T08:19:51","date_gmt":"2015-01-20T13:19:51","guid":{"rendered":"http:\/\/arcoproperties.com\/?p=9980"},"modified":"2015-01-20T08:19:51","modified_gmt":"2015-01-20T13:19:51","slug":"hace-342-anos-empacamos-nuestras-maletas","status":"publish","type":"post","link":"https:\/\/arcoproperties.com\/es\/hace-342-anos-empacamos-nuestras-maletas\/","title":{"rendered":"Hace 342 a\u00f1os empacamos nuestras maletas!"},"content":{"rendered":"<div style=\"margin-top: 0px; margin-bottom: 0px;\" class=\"sharethis-inline-share-buttons\" ><\/div><p>Panam\u00e1, Casco Viejo, Casco Antiguo<\/p>\n<p>Hace 342 a\u00f1os, la gente del istmo dijo \u00abya basta\u00bb. Ya basta de los piratas, de morir por enfermedades tropicales, basta, basta. La ciudad yac\u00eda en ruinas, pero de todas formas no es que la gente viviera una vida de salud. La ciudad necesitaba mudarse, no pod\u00eda esperar m\u00e1s.<\/p>\n<p>Por ello, el 21 de enero celebramos la \u00abmudanza\u00bb de la ciudad de Panam\u00e1, del sitio conocido como La Vieja, al nuevo emplazamiento, alias el Casco Viejo.<\/p>\n<p>Este a\u00f1o, Oficina del Casco Antiguo y la Alcald\u00eda estar\u00e1n haciendo varias actividades para conmemorar: desde un juego de la loter\u00eda en la Plaza Catedral hasta un peque\u00f1o mercado verde.\u00a0 Pero el m\u00e1s interesante ser\u00e1 una charla en el teatro Anita Villalaz en donde hablar\u00e1n sobre la historia de esta incre\u00edble mudanza, una que hicimos a puro pulm\u00f3n, lomo de mula&#8230; piedra a piedra.<\/p>\n<p>Aqu\u00ed est\u00e1 la informaci\u00f3n:<\/p>\n<p><a href=\"http:\/\/arcoproperties.com\/wp-content\/uploads\/2015\/01\/Mercadito-verde.jpg\"><img loading=\"lazy\" decoding=\"async\" class=\"aligncenter size-medium wp-image-9977\" src=\"http:\/\/arcoproperties.com\/wp-content\/uploads\/2015\/01\/Mercadito-verde-194x300.jpg\" alt=\"Mercadito verde\" width=\"194\" height=\"300\" srcset=\"https:\/\/arcoproperties.com\/wp-content\/uploads\/2015\/01\/Mercadito-verde-194x300.jpg 194w, https:\/\/arcoproperties.com\/wp-content\/uploads\/2015\/01\/Mercadito-verde-662x1024.jpg 662w, https:\/\/arcoproperties.com\/wp-content\/uploads\/2015\/01\/Mercadito-verde.jpg 792w\" sizes=\"auto, (max-width: 194px) 100vw, 194px\" \/><\/a> <a href=\"http:\/\/arcoproperties.com\/wp-content\/uploads\/2015\/01\/342-conferencia.jpg\"><img loading=\"lazy\" decoding=\"async\" class=\"aligncenter size-medium wp-image-9978\" src=\"http:\/\/arcoproperties.com\/wp-content\/uploads\/2015\/01\/342-conferencia-288x300.jpg\" alt=\"342--conferencia\" width=\"288\" height=\"300\" srcset=\"https:\/\/arcoproperties.com\/wp-content\/uploads\/2015\/01\/342-conferencia-288x300.jpg 288w, https:\/\/arcoproperties.com\/wp-content\/uploads\/2015\/01\/342-conferencia-983x1024.jpg 983w, https:\/\/arcoproperties.com\/wp-content\/uploads\/2015\/01\/342-conferencia.jpg 1040w\" sizes=\"auto, (max-width: 288px) 100vw, 288px\" \/><\/a><\/p>\n","protected":false},"excerpt":{"rendered":"<p>Panam\u00e1, Casco Viejo, Casco Antiguo Hace 342 a\u00f1os, la gente del istmo dijo \u00abya basta\u00bb. Ya basta de los piratas, de morir por enfermedades tropicales, basta, basta. La ciudad yac\u00eda en ruinas, pero de todas formas no es que la gente viviera una vida de salud. La ciudad necesitaba mudarse, no pod\u00eda esperar m\u00e1s. Por [&hellip;]<\/p>\n","protected":false},"author":5,"featured_media":0,"comment_status":"open","ping_status":"closed","sticky":false,"template":"","format":"standard","meta":{"footnotes":""},"categories":[],"tags":[],"class_list":["post-9980","post","type-post","status-publish","format-standard","hentry"],"aioseo_notices":[],"aioseo_head":"\n\t\t<!-- All in One SEO 5.0.0.1 - aioseo.com -->\n\t<meta name=\"description\" content=\"Ya basta! no m\u00e1s! a empacar. V\u00e1monos ya a un lugar m\u00e1s seguro, que esto aqu\u00ed no se aguanta. Esa fue la decisi\u00f3n que tomamos 342 a\u00f1os atr\u00e1s y que permiti\u00f3 que Panam\u00e1 floreciera y se convirtiera eventualmente en Rep\u00fablica. C\u00f3mo fue? ven y ent\u00e9rate.\" \/>\n\t<meta name=\"robots\" content=\"max-image-preview:large\" \/>\n\t<meta name=\"author\" content=\"Patrizia Pinz\u00f3n\"\/>\n\t<link rel=\"canonical\" href=\"https:\/\/arcoproperties.com\/es\/hace-342-anos-empacamos-nuestras-maletas\/\" \/>\n\t<meta name=\"generator\" content=\"All in One SEO (AIOSEO) 5.0.0.1\" \/>\n\n\t\t<meta name=\"google-site-verification\" content=\"lVoab7dr0-H97hiVS2gSXkk6A4CcIBqZdyG2d31KUrA\" \/>\n\t\t<meta property=\"og:locale\" content=\"es_ES\" \/>\n\t\t<meta property=\"og:site_name\" content=\"Arco Properties | Real estate brokerage specialized in Panama`s colonial city, Casco Viejo. Residential and Commercial\" \/>\n\t\t<meta property=\"og:type\" content=\"article\" \/>\n\t\t<meta property=\"og:title\" content=\"Hace 342 a\u00f1os empacamos las maletas | Arco Properties\" \/>\n\t\t<meta property=\"og:description\" content=\"Ya basta! no m\u00e1s! a empacar. V\u00e1monos ya a un lugar m\u00e1s seguro, que esto aqu\u00ed no se aguanta. Esa fue la decisi\u00f3n que tomamos 342 a\u00f1os atr\u00e1s y que permiti\u00f3 que Panam\u00e1 floreciera y se convirtiera eventualmente en Rep\u00fablica. C\u00f3mo fue? ven y ent\u00e9rate.\" \/>\n\t\t<meta property=\"og:url\" content=\"https:\/\/arcoproperties.com\/es\/hace-342-anos-empacamos-nuestras-maletas\/\" \/>\n\t\t<meta property=\"article:published_time\" content=\"2015-01-20T13:19:51+00:00\" \/>\n\t\t<meta property=\"article:modified_time\" content=\"2015-01-20T13:19:51+00:00\" \/>\n\t\t<meta name=\"twitter:card\" content=\"summary\" \/>\n\t\t<meta name=\"twitter:title\" content=\"Hace 342 a\u00f1os empacamos las maletas | Arco Properties\" \/>\n\t\t<meta name=\"twitter:description\" content=\"Ya basta! no m\u00e1s! a empacar. V\u00e1monos ya a un lugar m\u00e1s seguro, que esto aqu\u00ed no se aguanta. Esa fue la decisi\u00f3n que tomamos 342 a\u00f1os atr\u00e1s y que permiti\u00f3 que Panam\u00e1 floreciera y se convirtiera eventualmente en Rep\u00fablica. C\u00f3mo fue? ven y ent\u00e9rate.\" \/>\n\t\t<script type=\"application\/ld+json\" class=\"aioseo-schema\">\n\t\t\t{\"@context\":\"https:\\\/\\\/schema.org\",\"@graph\":[{\"@type\":\"Article\",\"@id\":\"https:\\\/\\\/arcoproperties.com\\\/es\\\/hace-342-anos-empacamos-nuestras-maletas\\\/#article\",\"name\":\"Hace 342 a\\u00f1os empacamos las maletas | Arco Properties\",\"headline\":\"Hace 342 a\\u00f1os empacamos nuestras maletas!\",\"author\":{\"@id\":\"https:\\\/\\\/arcoproperties.com\\\/es\\\/author\\\/pinzon\\\/#author\"},\"publisher\":{\"@id\":\"https:\\\/\\\/arcoproperties.com\\\/es\\\/#organization\"},\"image\":{\"@type\":\"ImageObject\",\"url\":\"http:\\\/\\\/arcoproperties.com\\\/wp-content\\\/uploads\\\/2015\\\/01\\\/Mercadito-verde-194x300.jpg\",\"@id\":\"https:\\\/\\\/arcoproperties.com\\\/es\\\/hace-342-anos-empacamos-nuestras-maletas\\\/#articleImage\"},\"datePublished\":\"2015-01-20T08:19:51-05:00\",\"dateModified\":\"2015-01-20T08:19:51-05:00\",\"inLanguage\":\"es-ES\",\"mainEntityOfPage\":{\"@id\":\"https:\\\/\\\/arcoproperties.com\\\/es\\\/hace-342-anos-empacamos-nuestras-maletas\\\/#webpage\"},\"isPartOf\":{\"@id\":\"https:\\\/\\\/arcoproperties.com\\\/es\\\/hace-342-anos-empacamos-nuestras-maletas\\\/#webpage\"}},{\"@type\":\"BreadcrumbList\",\"@id\":\"https:\\\/\\\/arcoproperties.com\\\/es\\\/hace-342-anos-empacamos-nuestras-maletas\\\/#breadcrumblist\",\"itemListElement\":[{\"@type\":\"ListItem\",\"@id\":\"https:\\\/\\\/arcoproperties.com\\\/es\\\/#listItem\",\"position\":1,\"name\":\"Inicio\",\"item\":\"https:\\\/\\\/arcoproperties.com\\\/es\\\/\",\"nextItem\":{\"@type\":\"ListItem\",\"@id\":\"https:\\\/\\\/arcoproperties.com\\\/es\\\/hace-342-anos-empacamos-nuestras-maletas\\\/#listItem\",\"name\":\"Hace 342 a\\u00f1os empacamos nuestras maletas!\"}},{\"@type\":\"ListItem\",\"@id\":\"https:\\\/\\\/arcoproperties.com\\\/es\\\/hace-342-anos-empacamos-nuestras-maletas\\\/#listItem\",\"position\":2,\"name\":\"Hace 342 a\\u00f1os empacamos nuestras maletas!\",\"previousItem\":{\"@type\":\"ListItem\",\"@id\":\"https:\\\/\\\/arcoproperties.com\\\/es\\\/#listItem\",\"name\":\"Inicio\"}}]},{\"@type\":\"Organization\",\"@id\":\"https:\\\/\\\/arcoproperties.com\\\/es\\\/#organization\",\"name\":\"Arco Properties\",\"description\":\"Real estate brokerage specialized in Panama`s colonial city, Casco Viejo. Residential and Commercial\",\"url\":\"https:\\\/\\\/arcoproperties.com\\\/es\\\/\",\"logo\":{\"@type\":\"ImageObject\",\"url\":\"https:\\\/\\\/arcoproperties.com\\\/wp-content\\\/uploads\\\/2024\\\/11\\\/logo-1.png\",\"@id\":\"https:\\\/\\\/arcoproperties.com\\\/es\\\/hace-342-anos-empacamos-nuestras-maletas\\\/#organizationLogo\",\"width\":401,\"height\":145},\"image\":{\"@id\":\"https:\\\/\\\/arcoproperties.com\\\/es\\\/hace-342-anos-empacamos-nuestras-maletas\\\/#organizationLogo\"}},{\"@type\":\"Person\",\"@id\":\"https:\\\/\\\/arcoproperties.com\\\/es\\\/author\\\/pinzon\\\/#author\",\"url\":\"https:\\\/\\\/arcoproperties.com\\\/es\\\/author\\\/pinzon\\\/\",\"name\":\"Patrizia Pinz\\u00f3n\",\"image\":{\"@type\":\"ImageObject\",\"@id\":\"https:\\\/\\\/arcoproperties.com\\\/es\\\/hace-342-anos-empacamos-nuestras-maletas\\\/#authorImage\",\"url\":\"https:\\\/\\\/secure.gravatar.com\\\/avatar\\\/9001fee99695f76eff9d82aa1ea9058060e8a5440ae2056833724ad816fc7200?s=96&d=mm&r=g\",\"width\":96,\"height\":96,\"caption\":\"Patrizia Pinz\\u00f3n\"}},{\"@type\":\"WebPage\",\"@id\":\"https:\\\/\\\/arcoproperties.com\\\/es\\\/hace-342-anos-empacamos-nuestras-maletas\\\/#webpage\",\"url\":\"https:\\\/\\\/arcoproperties.com\\\/es\\\/hace-342-anos-empacamos-nuestras-maletas\\\/\",\"name\":\"Hace 342 a\\u00f1os empacamos las maletas | Arco Properties\",\"description\":\"Ya basta! no m\\u00e1s! a empacar. V\\u00e1monos ya a un lugar m\\u00e1s seguro, que esto aqu\\u00ed no se aguanta. Esa fue la decisi\\u00f3n que tomamos 342 a\\u00f1os atr\\u00e1s y que permiti\\u00f3 que Panam\\u00e1 floreciera y se convirtiera eventualmente en Rep\\u00fablica. C\\u00f3mo fue? ven y ent\\u00e9rate.\",\"inLanguage\":\"es-ES\",\"isPartOf\":{\"@id\":\"https:\\\/\\\/arcoproperties.com\\\/es\\\/#website\"},\"breadcrumb\":{\"@id\":\"https:\\\/\\\/arcoproperties.com\\\/es\\\/hace-342-anos-empacamos-nuestras-maletas\\\/#breadcrumblist\"},\"author\":{\"@id\":\"https:\\\/\\\/arcoproperties.com\\\/es\\\/author\\\/pinzon\\\/#author\"},\"creator\":{\"@id\":\"https:\\\/\\\/arcoproperties.com\\\/es\\\/author\\\/pinzon\\\/#author\"},\"datePublished\":\"2015-01-20T08:19:51-05:00\",\"dateModified\":\"2015-01-20T08:19:51-05:00\"},{\"@type\":\"WebSite\",\"@id\":\"https:\\\/\\\/arcoproperties.com\\\/es\\\/#website\",\"url\":\"https:\\\/\\\/arcoproperties.com\\\/es\\\/\",\"name\":\"Arco Properties\",\"description\":\"Real estate brokerage specialized in Panama`s colonial city, Casco Viejo. Residential and Commercial\",\"inLanguage\":\"es-ES\",\"publisher\":{\"@id\":\"https:\\\/\\\/arcoproperties.com\\\/es\\\/#organization\"}}]}\n\t\t<\/script>\n\t\t<!-- All in One SEO -->\n\n","aioseo_head_json":{"title":"Hace 342 a\u00f1os empacamos las maletas | Arco Properties","description":"Ya basta! no m\u00e1s! a empacar. V\u00e1monos ya a un lugar m\u00e1s seguro, que esto aqu\u00ed no se aguanta. Esa fue la decisi\u00f3n que tomamos 342 a\u00f1os atr\u00e1s y que permiti\u00f3 que Panam\u00e1 floreciera y se convirtiera eventualmente en Rep\u00fablica. C\u00f3mo fue? ven y ent\u00e9rate.","canonical_url":"https:\/\/arcoproperties.com\/es\/hace-342-anos-empacamos-nuestras-maletas\/","robots":"max-image-preview:large","keywords":"","webmasterTools":{"miscellaneous":"&lt;meta name=\"google-site-verification\" content=\"lVoab7dr0-H97hiVS2gSXkk6A4CcIBqZdyG2d31KUrA\" \/&gt;&nbsp;"},"schema":{"@context":"https:\/\/schema.org","@graph":[{"@type":"Article","@id":"https:\/\/arcoproperties.com\/es\/hace-342-anos-empacamos-nuestras-maletas\/#article","name":"Hace 342 a\u00f1os empacamos las maletas | Arco Properties","headline":"Hace 342 a\u00f1os empacamos nuestras maletas!","author":{"@id":"https:\/\/arcoproperties.com\/es\/author\/pinzon\/#author"},"publisher":{"@id":"https:\/\/arcoproperties.com\/es\/#organization"},"image":{"@type":"ImageObject","url":"http:\/\/arcoproperties.com\/wp-content\/uploads\/2015\/01\/Mercadito-verde-194x300.jpg","@id":"https:\/\/arcoproperties.com\/es\/hace-342-anos-empacamos-nuestras-maletas\/#articleImage"},"datePublished":"2015-01-20T08:19:51-05:00","dateModified":"2015-01-20T08:19:51-05:00","inLanguage":"es-ES","mainEntityOfPage":{"@id":"https:\/\/arcoproperties.com\/es\/hace-342-anos-empacamos-nuestras-maletas\/#webpage"},"isPartOf":{"@id":"https:\/\/arcoproperties.com\/es\/hace-342-anos-empacamos-nuestras-maletas\/#webpage"}},{"@type":"BreadcrumbList","@id":"https:\/\/arcoproperties.com\/es\/hace-342-anos-empacamos-nuestras-maletas\/#breadcrumblist","itemListElement":[{"@type":"ListItem","@id":"https:\/\/arcoproperties.com\/es\/#listItem","position":1,"name":"Inicio","item":"https:\/\/arcoproperties.com\/es\/","nextItem":{"@type":"ListItem","@id":"https:\/\/arcoproperties.com\/es\/hace-342-anos-empacamos-nuestras-maletas\/#listItem","name":"Hace 342 a\u00f1os empacamos nuestras maletas!"}},{"@type":"ListItem","@id":"https:\/\/arcoproperties.com\/es\/hace-342-anos-empacamos-nuestras-maletas\/#listItem","position":2,"name":"Hace 342 a\u00f1os empacamos nuestras maletas!","previousItem":{"@type":"ListItem","@id":"https:\/\/arcoproperties.com\/es\/#listItem","name":"Inicio"}}]},{"@type":"Organization","@id":"https:\/\/arcoproperties.com\/es\/#organization","name":"Arco Properties","description":"Real estate brokerage specialized in Panama`s colonial city, Casco Viejo. Residential and Commercial","url":"https:\/\/arcoproperties.com\/es\/","logo":{"@type":"ImageObject","url":"https:\/\/arcoproperties.com\/wp-content\/uploads\/2024\/11\/logo-1.png","@id":"https:\/\/arcoproperties.com\/es\/hace-342-anos-empacamos-nuestras-maletas\/#organizationLogo","width":401,"height":145},"image":{"@id":"https:\/\/arcoproperties.com\/es\/hace-342-anos-empacamos-nuestras-maletas\/#organizationLogo"}},{"@type":"Person","@id":"https:\/\/arcoproperties.com\/es\/author\/pinzon\/#author","url":"https:\/\/arcoproperties.com\/es\/author\/pinzon\/","name":"Patrizia Pinz\u00f3n","image":{"@type":"ImageObject","@id":"https:\/\/arcoproperties.com\/es\/hace-342-anos-empacamos-nuestras-maletas\/#authorImage","url":"https:\/\/secure.gravatar.com\/avatar\/9001fee99695f76eff9d82aa1ea9058060e8a5440ae2056833724ad816fc7200?s=96&d=mm&r=g","width":96,"height":96,"caption":"Patrizia Pinz\u00f3n"}},{"@type":"WebPage","@id":"https:\/\/arcoproperties.com\/es\/hace-342-anos-empacamos-nuestras-maletas\/#webpage","url":"https:\/\/arcoproperties.com\/es\/hace-342-anos-empacamos-nuestras-maletas\/","name":"Hace 342 a\u00f1os empacamos las maletas | Arco Properties","description":"Ya basta! no m\u00e1s! a empacar. V\u00e1monos ya a un lugar m\u00e1s seguro, que esto aqu\u00ed no se aguanta. Esa fue la decisi\u00f3n que tomamos 342 a\u00f1os atr\u00e1s y que permiti\u00f3 que Panam\u00e1 floreciera y se convirtiera eventualmente en Rep\u00fablica. C\u00f3mo fue? ven y ent\u00e9rate.","inLanguage":"es-ES","isPartOf":{"@id":"https:\/\/arcoproperties.com\/es\/#website"},"breadcrumb":{"@id":"https:\/\/arcoproperties.com\/es\/hace-342-anos-empacamos-nuestras-maletas\/#breadcrumblist"},"author":{"@id":"https:\/\/arcoproperties.com\/es\/author\/pinzon\/#author"},"creator":{"@id":"https:\/\/arcoproperties.com\/es\/author\/pinzon\/#author"},"datePublished":"2015-01-20T08:19:51-05:00","dateModified":"2015-01-20T08:19:51-05:00"},{"@type":"WebSite","@id":"https:\/\/arcoproperties.com\/es\/#website","url":"https:\/\/arcoproperties.com\/es\/","name":"Arco Properties","description":"Real estate brokerage specialized in Panama`s colonial city, Casco Viejo. Residential and Commercial","inLanguage":"es-ES","publisher":{"@id":"https:\/\/arcoproperties.com\/es\/#organization"}}]},"og:locale":"es_ES","og:site_name":"Arco Properties | Real estate brokerage specialized in Panama`s colonial city, Casco Viejo. Residential and Commercial","og:type":"article","og:title":"Hace 342 a\u00f1os empacamos las maletas | Arco Properties","og:description":"Ya basta! no m\u00e1s! a empacar. V\u00e1monos ya a un lugar m\u00e1s seguro, que esto aqu\u00ed no se aguanta. Esa fue la decisi\u00f3n que tomamos 342 a\u00f1os atr\u00e1s y que permiti\u00f3 que Panam\u00e1 floreciera y se convirtiera eventualmente en Rep\u00fablica. C\u00f3mo fue? ven y ent\u00e9rate.","og:url":"https:\/\/arcoproperties.com\/es\/hace-342-anos-empacamos-nuestras-maletas\/","article:published_time":"2015-01-20T13:19:51+00:00","article:modified_time":"2015-01-20T13:19:51+00:00","twitter:card":"summary","twitter:title":"Hace 342 a\u00f1os empacamos las maletas | Arco Properties","twitter:description":"Ya basta! no m\u00e1s! a empacar. V\u00e1monos ya a un lugar m\u00e1s seguro, que esto aqu\u00ed no se aguanta. Esa fue la decisi\u00f3n que tomamos 342 a\u00f1os atr\u00e1s y que permiti\u00f3 que Panam\u00e1 floreciera y se convirtiera eventualmente en Rep\u00fablica. C\u00f3mo fue? ven y ent\u00e9rate."},"aioseo_meta_data":{"post_id":"9980","title":"Hace 342 a\u00f1os empacamos las maletas | #site_title","description":"Ya basta! no m\u00e1s! a empacar. V\u00e1monos ya a un lugar m\u00e1s seguro, que esto aqu\u00ed no se aguanta.  Esa fue la decisi\u00f3n que tomamos 342 a\u00f1os atr\u00e1s y que permiti\u00f3 que Panam\u00e1 floreciera y se convirtiera eventualmente en Rep\u00fablica. C\u00f3mo fue? ven y ent\u00e9rate.","keywords":[{"label":"Panam\u00e1 Casco VIejo","value":"Panam\u00e1 Casco VIejo"},{"label":"Panam\u00e1 Casco Antiguo","value":"Panam\u00e1 Casco Antiguo"},{"label":"Casco Viejo Historia","value":"Casco Viejo Historia"}],"keyphrases":null,"primary_term":null,"canonical_url":null,"og_title":null,"og_description":null,"og_object_type":"default","og_image_type":"default","og_image_url":null,"og_image_width":null,"og_image_height":null,"og_image_custom_url":null,"og_image_custom_fields":null,"og_video":null,"og_custom_url":null,"og_article_section":null,"og_article_tags":null,"twitter_use_og":false,"twitter_card":"default","twitter_image_type":"default","twitter_image_url":null,"twitter_image_custom_url":null,"twitter_image_custom_fields":null,"twitter_title":null,"twitter_description":null,"schema":{"blockGraphs":[],"customGraphs":[],"default":{"data":{"Article":[],"Course":[],"Dataset":[],"FAQPage":[],"Movie":[],"Person":[],"Product":[],"ProductReview":[],"Car":[],"Recipe":[],"Service":[],"SoftwareApplication":[],"WebPage":[]},"graphName":"Article","isEnabled":true},"graphs":[]},"schema_type":null,"schema_type_options":null,"pillar_content":false,"robots_default":true,"robots_noindex":false,"robots_noarchive":false,"robots_nosnippet":false,"robots_nofollow":false,"robots_noimageindex":false,"robots_noodp":false,"robots_notranslate":false,"robots_max_snippet":null,"robots_max_videopreview":null,"robots_max_imagepreview":"large","priority":null,"frequency":null,"local_seo":null,"limit_modified_date":false,"created":"2021-06-17 16:08:47","updated":"2024-11-07 15:46:18","ai":null,"breadcrumb_settings":null,"seo_analyzer_scan_date":null,"focus_keyword":null,"additional_keywords":null,"truseo_locale":null},"aioseo_breadcrumb":"<div class=\"aioseo-breadcrumbs\"><span class=\"aioseo-breadcrumb\">\n\t\t\t<a href=\"https:\/\/arcoproperties.com\/es\/\" title=\"Inicio\">Inicio<\/a>\n\t\t<\/span><span class=\"aioseo-breadcrumb-separator\">&raquo;<\/span><span class=\"aioseo-breadcrumb\">\n\t\t\tHace 342 a\u00f1os empacamos nuestras maletas!\n\t\t<\/span><\/div>","aioseo_breadcrumb_json":[{"label":"Inicio","link":"https:\/\/arcoproperties.com\/es\/"},{"label":"Hace 342 a\u00f1os empacamos nuestras maletas!","link":"https:\/\/arcoproperties.com\/es\/hace-342-anos-empacamos-nuestras-maletas\/"}],"_links":{"self":[{"href":"https:\/\/arcoproperties.com\/es\/wp-json\/wp\/v2\/posts\/9980","targetHints":{"allow":["GET"]}}],"collection":[{"href":"https:\/\/arcoproperties.com\/es\/wp-json\/wp\/v2\/posts"}],"about":[{"href":"https:\/\/arcoproperties.com\/es\/wp-json\/wp\/v2\/types\/post"}],"author":[{"embeddable":true,"href":"https:\/\/arcoproperties.com\/es\/wp-json\/wp\/v2\/users\/5"}],"replies":[{"embeddable":true,"href":"https:\/\/arcoproperties.com\/es\/wp-json\/wp\/v2\/comments?post=9980"}],"version-history":[{"count":0,"href":"https:\/\/arcoproperties.com\/es\/wp-json\/wp\/v2\/posts\/9980\/revisions"}],"wp:attachment":[{"href":"https:\/\/arcoproperties.com\/es\/wp-json\/wp\/v2\/media?parent=9980"}],"wp:term":[{"taxonomy":"category","embeddable":true,"href":"https:\/\/arcoproperties.com\/es\/wp-json\/wp\/v2\/categories?post=9980"},{"taxonomy":"post_tag","embeddable":true,"href":"https:\/\/arcoproperties.com\/es\/wp-json\/wp\/v2\/tags?post=9980"}],"curies":[{"name":"wp","href":"https:\/\/api.w.org\/{rel}","templated":true}]}}