{"id":9595,"date":"2014-08-21T09:10:50","date_gmt":"2014-08-21T14:10:50","guid":{"rendered":"http:\/\/arcoproperties.com\/?p=9595"},"modified":"2014-08-21T09:10:50","modified_gmt":"2014-08-21T14:10:50","slug":"estudiantes-del-casco-competiran-en-danza-activa","status":"publish","type":"post","link":"https:\/\/arcoproperties.com\/es\/estudiantes-del-casco-competiran-en-danza-activa\/","title":{"rendered":"Estudiantes del Casco competir\u00e1n en Danza Activa"},"content":{"rendered":"<div style=\"margin-top: 0px; margin-bottom: 0px;\" class=\"sharethis-inline-share-buttons\" ><\/div><p>Panam\u00e1, Casco Viejo, Casco Antiguo<\/p>\n<p><a href=\"http:\/\/www.danzaactivapanama.com\/\">Danza Activa<\/a> es una competencia de danza a nivel nacional que ya tiene aproximadamente cinco a\u00f1os. El a\u00f1o pasado congreg\u00f3 alrededor de 300 bailarines, incluyendo participaciones internacionales de M\u00e9xico, Venezuela, Nicaragua, Costa Rica y los Estados Unidos.<\/p>\n<p><a href=\"http:\/\/fundacioncalicanto.org\/programas\/enlaces\/\">\u00abEnlaces\u00bb<\/a> es un programa de danza de Fundaci\u00f3n Calicanto, que a trav\u00e9s del desarrollo art\u00edstico abre puertas a un mundo distinto, previniendo el crimen en una poblaci\u00f3n juvenil que vive en barrios de alto riesgo.\u00a0 Se trata de prevenci\u00f3n a trav\u00e9s de la educaci\u00f3n y de la auto estima.<\/p>\n<p>El programa ya tiene un par de a\u00f1os y de manera silenciosa ha estado cosechando \u00e9xitos. Algunos de sus estudiantes han participado en grandes producciones como El Cascanueces, a la par de bailarines profesionales del Ballet Nacional. Tener a un grupo compitiendo en Danza Activa este a\u00f1o es un logro impresionante.<\/p>\n<p>Nuestras felicitaciones a Enlaces y a Fundaci\u00f3n Calicanto! Si quieren apoyarlos, no dejen de ir. Y si quieren conocer m\u00e1s del programa, <a href=\"http:\/\/fundacioncalicanto.org\/programas\/enlaces\/\">hagan click AQUI. <\/a><\/p>\n<p><a href=\"http:\/\/arcoproperties.com\/wp-content\/uploads\/2014\/08\/Danza-Activa-Casco-Viejo.jpg\"><img loading=\"lazy\" decoding=\"async\" class=\"aligncenter size-medium wp-image-9593\" src=\"http:\/\/arcoproperties.com\/wp-content\/uploads\/2014\/08\/Danza-Activa-Casco-Viejo-225x300.jpg\" alt=\"Danza Activa Casco Viejo\" width=\"225\" height=\"300\" srcset=\"https:\/\/arcoproperties.com\/wp-content\/uploads\/2014\/08\/Danza-Activa-Casco-Viejo-225x300.jpg 225w, https:\/\/arcoproperties.com\/wp-content\/uploads\/2014\/08\/Danza-Activa-Casco-Viejo.jpg 752w\" sizes=\"auto, (max-width: 225px) 100vw, 225px\" \/><\/a><\/p>\n<p>&nbsp;<\/p>\n<p>&nbsp;<\/p>\n","protected":false},"excerpt":{"rendered":"<p>Panam\u00e1, Casco Viejo, Casco Antiguo Danza Activa es una competencia de danza a nivel nacional que ya tiene aproximadamente cinco a\u00f1os. El a\u00f1o pasado congreg\u00f3 alrededor de 300 bailarines, incluyendo participaciones internacionales de M\u00e9xico, Venezuela, Nicaragua, Costa Rica y los Estados Unidos. \u00abEnlaces\u00bb es un programa de danza de Fundaci\u00f3n Calicanto, que a trav\u00e9s del [&hellip;]<\/p>\n","protected":false},"author":5,"featured_media":0,"comment_status":"open","ping_status":"closed","sticky":false,"template":"","format":"standard","meta":{"footnotes":""},"categories":[],"tags":[],"class_list":["post-9595","post","type-post","status-publish","format-standard","hentry"],"aioseo_notices":[],"aioseo_head":"\n\t\t<!-- All in One SEO 5.0.0.1 - aioseo.com -->\n\t<meta name=\"description\" content=\"Ni\u00f1os del programa Enlaces participan en competencia nacional de danza.\" \/>\n\t<meta name=\"robots\" content=\"max-image-preview:large\" \/>\n\t<meta name=\"author\" content=\"Patrizia Pinz\u00f3n\"\/>\n\t<link rel=\"canonical\" href=\"https:\/\/arcoproperties.com\/es\/estudiantes-del-casco-competiran-en-danza-activa\/\" \/>\n\t<meta name=\"generator\" content=\"All in One SEO (AIOSEO) 5.0.0.1\" \/>\n\n\t\t<meta name=\"google-site-verification\" content=\"lVoab7dr0-H97hiVS2gSXkk6A4CcIBqZdyG2d31KUrA\" \/>\n\t\t<meta property=\"og:locale\" content=\"es_ES\" \/>\n\t\t<meta property=\"og:site_name\" content=\"Arco Properties | Real estate brokerage specialized in Panama`s colonial city, Casco Viejo. Residential and Commercial\" \/>\n\t\t<meta property=\"og:type\" content=\"article\" \/>\n\t\t<meta property=\"og:title\" content=\"Ni\u00f1os del Casco compiten en Danza Activa | Arco Properties\" \/>\n\t\t<meta property=\"og:description\" content=\"Ni\u00f1os del programa Enlaces participan en competencia nacional de danza.\" \/>\n\t\t<meta property=\"og:url\" content=\"https:\/\/arcoproperties.com\/es\/estudiantes-del-casco-competiran-en-danza-activa\/\" \/>\n\t\t<meta property=\"article:published_time\" content=\"2014-08-21T14:10:50+00:00\" \/>\n\t\t<meta property=\"article:modified_time\" content=\"2014-08-21T14:10:50+00:00\" \/>\n\t\t<meta name=\"twitter:card\" content=\"summary\" \/>\n\t\t<meta name=\"twitter:title\" content=\"Ni\u00f1os del Casco compiten en Danza Activa | Arco Properties\" \/>\n\t\t<meta name=\"twitter:description\" content=\"Ni\u00f1os del programa Enlaces participan en competencia nacional de danza.\" \/>\n\t\t<script type=\"application\/ld+json\" class=\"aioseo-schema\">\n\t\t\t{\"@context\":\"https:\\\/\\\/schema.org\",\"@graph\":[{\"@type\":\"Article\",\"@id\":\"https:\\\/\\\/arcoproperties.com\\\/es\\\/estudiantes-del-casco-competiran-en-danza-activa\\\/#article\",\"name\":\"Ni\\u00f1os del Casco compiten en Danza Activa | Arco Properties\",\"headline\":\"Estudiantes del Casco competir\\u00e1n en Danza Activa\",\"author\":{\"@id\":\"https:\\\/\\\/arcoproperties.com\\\/es\\\/author\\\/pinzon\\\/#author\"},\"publisher\":{\"@id\":\"https:\\\/\\\/arcoproperties.com\\\/es\\\/#organization\"},\"image\":{\"@type\":\"ImageObject\",\"url\":\"http:\\\/\\\/arcoproperties.com\\\/wp-content\\\/uploads\\\/2014\\\/08\\\/Danza-Activa-Casco-Viejo-225x300.jpg\",\"@id\":\"https:\\\/\\\/arcoproperties.com\\\/es\\\/estudiantes-del-casco-competiran-en-danza-activa\\\/#articleImage\"},\"datePublished\":\"2014-08-21T09:10:50-05:00\",\"dateModified\":\"2014-08-21T09:10:50-05:00\",\"inLanguage\":\"es-ES\",\"mainEntityOfPage\":{\"@id\":\"https:\\\/\\\/arcoproperties.com\\\/es\\\/estudiantes-del-casco-competiran-en-danza-activa\\\/#webpage\"},\"isPartOf\":{\"@id\":\"https:\\\/\\\/arcoproperties.com\\\/es\\\/estudiantes-del-casco-competiran-en-danza-activa\\\/#webpage\"}},{\"@type\":\"BreadcrumbList\",\"@id\":\"https:\\\/\\\/arcoproperties.com\\\/es\\\/estudiantes-del-casco-competiran-en-danza-activa\\\/#breadcrumblist\",\"itemListElement\":[{\"@type\":\"ListItem\",\"@id\":\"https:\\\/\\\/arcoproperties.com\\\/es\\\/#listItem\",\"position\":1,\"name\":\"Inicio\",\"item\":\"https:\\\/\\\/arcoproperties.com\\\/es\\\/\",\"nextItem\":{\"@type\":\"ListItem\",\"@id\":\"https:\\\/\\\/arcoproperties.com\\\/es\\\/estudiantes-del-casco-competiran-en-danza-activa\\\/#listItem\",\"name\":\"Estudiantes del Casco competir\\u00e1n en Danza Activa\"}},{\"@type\":\"ListItem\",\"@id\":\"https:\\\/\\\/arcoproperties.com\\\/es\\\/estudiantes-del-casco-competiran-en-danza-activa\\\/#listItem\",\"position\":2,\"name\":\"Estudiantes del Casco competir\\u00e1n en Danza Activa\",\"previousItem\":{\"@type\":\"ListItem\",\"@id\":\"https:\\\/\\\/arcoproperties.com\\\/es\\\/#listItem\",\"name\":\"Inicio\"}}]},{\"@type\":\"Organization\",\"@id\":\"https:\\\/\\\/arcoproperties.com\\\/es\\\/#organization\",\"name\":\"Arco Properties\",\"description\":\"Real estate brokerage specialized in Panama`s colonial city, Casco Viejo. Residential and Commercial\",\"url\":\"https:\\\/\\\/arcoproperties.com\\\/es\\\/\",\"logo\":{\"@type\":\"ImageObject\",\"url\":\"https:\\\/\\\/arcoproperties.com\\\/wp-content\\\/uploads\\\/2024\\\/11\\\/logo-1.png\",\"@id\":\"https:\\\/\\\/arcoproperties.com\\\/es\\\/estudiantes-del-casco-competiran-en-danza-activa\\\/#organizationLogo\",\"width\":401,\"height\":145},\"image\":{\"@id\":\"https:\\\/\\\/arcoproperties.com\\\/es\\\/estudiantes-del-casco-competiran-en-danza-activa\\\/#organizationLogo\"}},{\"@type\":\"Person\",\"@id\":\"https:\\\/\\\/arcoproperties.com\\\/es\\\/author\\\/pinzon\\\/#author\",\"url\":\"https:\\\/\\\/arcoproperties.com\\\/es\\\/author\\\/pinzon\\\/\",\"name\":\"Patrizia Pinz\\u00f3n\",\"image\":{\"@type\":\"ImageObject\",\"@id\":\"https:\\\/\\\/arcoproperties.com\\\/es\\\/estudiantes-del-casco-competiran-en-danza-activa\\\/#authorImage\",\"url\":\"https:\\\/\\\/secure.gravatar.com\\\/avatar\\\/9001fee99695f76eff9d82aa1ea9058060e8a5440ae2056833724ad816fc7200?s=96&d=mm&r=g\",\"width\":96,\"height\":96,\"caption\":\"Patrizia Pinz\\u00f3n\"}},{\"@type\":\"WebPage\",\"@id\":\"https:\\\/\\\/arcoproperties.com\\\/es\\\/estudiantes-del-casco-competiran-en-danza-activa\\\/#webpage\",\"url\":\"https:\\\/\\\/arcoproperties.com\\\/es\\\/estudiantes-del-casco-competiran-en-danza-activa\\\/\",\"name\":\"Ni\\u00f1os del Casco compiten en Danza Activa | Arco Properties\",\"description\":\"Ni\\u00f1os del programa Enlaces participan en competencia nacional de danza.\",\"inLanguage\":\"es-ES\",\"isPartOf\":{\"@id\":\"https:\\\/\\\/arcoproperties.com\\\/es\\\/#website\"},\"breadcrumb\":{\"@id\":\"https:\\\/\\\/arcoproperties.com\\\/es\\\/estudiantes-del-casco-competiran-en-danza-activa\\\/#breadcrumblist\"},\"author\":{\"@id\":\"https:\\\/\\\/arcoproperties.com\\\/es\\\/author\\\/pinzon\\\/#author\"},\"creator\":{\"@id\":\"https:\\\/\\\/arcoproperties.com\\\/es\\\/author\\\/pinzon\\\/#author\"},\"datePublished\":\"2014-08-21T09:10:50-05:00\",\"dateModified\":\"2014-08-21T09:10:50-05:00\"},{\"@type\":\"WebSite\",\"@id\":\"https:\\\/\\\/arcoproperties.com\\\/es\\\/#website\",\"url\":\"https:\\\/\\\/arcoproperties.com\\\/es\\\/\",\"name\":\"Arco Properties\",\"description\":\"Real estate brokerage specialized in Panama`s colonial city, Casco Viejo. Residential and Commercial\",\"inLanguage\":\"es-ES\",\"publisher\":{\"@id\":\"https:\\\/\\\/arcoproperties.com\\\/es\\\/#organization\"}}]}\n\t\t<\/script>\n\t\t<!-- All in One SEO -->\n\n","aioseo_head_json":{"title":"Ni\u00f1os del Casco compiten en Danza Activa | Arco Properties","description":"Ni\u00f1os del programa Enlaces participan en competencia nacional de danza.","canonical_url":"https:\/\/arcoproperties.com\/es\/estudiantes-del-casco-competiran-en-danza-activa\/","robots":"max-image-preview:large","keywords":"","webmasterTools":{"miscellaneous":"&lt;meta name=\"google-site-verification\" content=\"lVoab7dr0-H97hiVS2gSXkk6A4CcIBqZdyG2d31KUrA\" \/&gt;&nbsp;"},"schema":{"@context":"https:\/\/schema.org","@graph":[{"@type":"Article","@id":"https:\/\/arcoproperties.com\/es\/estudiantes-del-casco-competiran-en-danza-activa\/#article","name":"Ni\u00f1os del Casco compiten en Danza Activa | Arco Properties","headline":"Estudiantes del Casco competir\u00e1n en Danza Activa","author":{"@id":"https:\/\/arcoproperties.com\/es\/author\/pinzon\/#author"},"publisher":{"@id":"https:\/\/arcoproperties.com\/es\/#organization"},"image":{"@type":"ImageObject","url":"http:\/\/arcoproperties.com\/wp-content\/uploads\/2014\/08\/Danza-Activa-Casco-Viejo-225x300.jpg","@id":"https:\/\/arcoproperties.com\/es\/estudiantes-del-casco-competiran-en-danza-activa\/#articleImage"},"datePublished":"2014-08-21T09:10:50-05:00","dateModified":"2014-08-21T09:10:50-05:00","inLanguage":"es-ES","mainEntityOfPage":{"@id":"https:\/\/arcoproperties.com\/es\/estudiantes-del-casco-competiran-en-danza-activa\/#webpage"},"isPartOf":{"@id":"https:\/\/arcoproperties.com\/es\/estudiantes-del-casco-competiran-en-danza-activa\/#webpage"}},{"@type":"BreadcrumbList","@id":"https:\/\/arcoproperties.com\/es\/estudiantes-del-casco-competiran-en-danza-activa\/#breadcrumblist","itemListElement":[{"@type":"ListItem","@id":"https:\/\/arcoproperties.com\/es\/#listItem","position":1,"name":"Inicio","item":"https:\/\/arcoproperties.com\/es\/","nextItem":{"@type":"ListItem","@id":"https:\/\/arcoproperties.com\/es\/estudiantes-del-casco-competiran-en-danza-activa\/#listItem","name":"Estudiantes del Casco competir\u00e1n en Danza Activa"}},{"@type":"ListItem","@id":"https:\/\/arcoproperties.com\/es\/estudiantes-del-casco-competiran-en-danza-activa\/#listItem","position":2,"name":"Estudiantes del Casco competir\u00e1n en Danza Activa","previousItem":{"@type":"ListItem","@id":"https:\/\/arcoproperties.com\/es\/#listItem","name":"Inicio"}}]},{"@type":"Organization","@id":"https:\/\/arcoproperties.com\/es\/#organization","name":"Arco Properties","description":"Real estate brokerage specialized in Panama`s colonial city, Casco Viejo. Residential and Commercial","url":"https:\/\/arcoproperties.com\/es\/","logo":{"@type":"ImageObject","url":"https:\/\/arcoproperties.com\/wp-content\/uploads\/2024\/11\/logo-1.png","@id":"https:\/\/arcoproperties.com\/es\/estudiantes-del-casco-competiran-en-danza-activa\/#organizationLogo","width":401,"height":145},"image":{"@id":"https:\/\/arcoproperties.com\/es\/estudiantes-del-casco-competiran-en-danza-activa\/#organizationLogo"}},{"@type":"Person","@id":"https:\/\/arcoproperties.com\/es\/author\/pinzon\/#author","url":"https:\/\/arcoproperties.com\/es\/author\/pinzon\/","name":"Patrizia Pinz\u00f3n","image":{"@type":"ImageObject","@id":"https:\/\/arcoproperties.com\/es\/estudiantes-del-casco-competiran-en-danza-activa\/#authorImage","url":"https:\/\/secure.gravatar.com\/avatar\/9001fee99695f76eff9d82aa1ea9058060e8a5440ae2056833724ad816fc7200?s=96&d=mm&r=g","width":96,"height":96,"caption":"Patrizia Pinz\u00f3n"}},{"@type":"WebPage","@id":"https:\/\/arcoproperties.com\/es\/estudiantes-del-casco-competiran-en-danza-activa\/#webpage","url":"https:\/\/arcoproperties.com\/es\/estudiantes-del-casco-competiran-en-danza-activa\/","name":"Ni\u00f1os del Casco compiten en Danza Activa | Arco Properties","description":"Ni\u00f1os del programa Enlaces participan en competencia nacional de danza.","inLanguage":"es-ES","isPartOf":{"@id":"https:\/\/arcoproperties.com\/es\/#website"},"breadcrumb":{"@id":"https:\/\/arcoproperties.com\/es\/estudiantes-del-casco-competiran-en-danza-activa\/#breadcrumblist"},"author":{"@id":"https:\/\/arcoproperties.com\/es\/author\/pinzon\/#author"},"creator":{"@id":"https:\/\/arcoproperties.com\/es\/author\/pinzon\/#author"},"datePublished":"2014-08-21T09:10:50-05:00","dateModified":"2014-08-21T09:10:50-05:00"},{"@type":"WebSite","@id":"https:\/\/arcoproperties.com\/es\/#website","url":"https:\/\/arcoproperties.com\/es\/","name":"Arco Properties","description":"Real estate brokerage specialized in Panama`s colonial city, Casco Viejo. Residential and Commercial","inLanguage":"es-ES","publisher":{"@id":"https:\/\/arcoproperties.com\/es\/#organization"}}]},"og:locale":"es_ES","og:site_name":"Arco Properties | Real estate brokerage specialized in Panama`s colonial city, Casco Viejo. Residential and Commercial","og:type":"article","og:title":"Ni\u00f1os del Casco compiten en Danza Activa | Arco Properties","og:description":"Ni\u00f1os del programa Enlaces participan en competencia nacional de danza.","og:url":"https:\/\/arcoproperties.com\/es\/estudiantes-del-casco-competiran-en-danza-activa\/","article:published_time":"2014-08-21T14:10:50+00:00","article:modified_time":"2014-08-21T14:10:50+00:00","twitter:card":"summary","twitter:title":"Ni\u00f1os del Casco compiten en Danza Activa | Arco Properties","twitter:description":"Ni\u00f1os del programa Enlaces participan en competencia nacional de danza."},"aioseo_meta_data":{"post_id":"9595","title":"Ni\u00f1os del Casco compiten en Danza Activa | #site_title","description":"Ni\u00f1os del programa Enlaces participan en competencia nacional de danza.","keywords":[{"label":"Panam\u00e1 Casco Viejo","value":"Panam\u00e1 Casco Viejo"},{"label":"Panam\u00e1 Casco Antiguo","value":"Panam\u00e1 Casco Antiguo"},{"label":"Casco Viejo Comunidad","value":"Casco Viejo Comunidad"}],"keyphrases":null,"primary_term":null,"canonical_url":null,"og_title":null,"og_description":null,"og_object_type":"default","og_image_type":"default","og_image_url":null,"og_image_width":null,"og_image_height":null,"og_image_custom_url":null,"og_image_custom_fields":null,"og_video":null,"og_custom_url":null,"og_article_section":null,"og_article_tags":null,"twitter_use_og":false,"twitter_card":"default","twitter_image_type":"default","twitter_image_url":null,"twitter_image_custom_url":null,"twitter_image_custom_fields":null,"twitter_title":null,"twitter_description":null,"schema":{"blockGraphs":[],"customGraphs":[],"default":{"data":{"Article":[],"Course":[],"Dataset":[],"FAQPage":[],"Movie":[],"Person":[],"Product":[],"ProductReview":[],"Car":[],"Recipe":[],"Service":[],"SoftwareApplication":[],"WebPage":[]},"graphName":"Article","isEnabled":true},"graphs":[]},"schema_type":null,"schema_type_options":null,"pillar_content":false,"robots_default":true,"robots_noindex":false,"robots_noarchive":false,"robots_nosnippet":false,"robots_nofollow":false,"robots_noimageindex":false,"robots_noodp":false,"robots_notranslate":false,"robots_max_snippet":null,"robots_max_videopreview":null,"robots_max_imagepreview":"large","priority":null,"frequency":null,"local_seo":null,"limit_modified_date":false,"created":"2021-06-17 16:30:17","updated":"2024-11-07 16:17:23","ai":null,"breadcrumb_settings":null,"seo_analyzer_scan_date":null,"focus_keyword":null,"additional_keywords":null,"truseo_locale":null},"aioseo_breadcrumb":"<div class=\"aioseo-breadcrumbs\"><span class=\"aioseo-breadcrumb\">\n\t\t\t<a href=\"https:\/\/arcoproperties.com\/es\/\" title=\"Inicio\">Inicio<\/a>\n\t\t<\/span><span class=\"aioseo-breadcrumb-separator\">&raquo;<\/span><span class=\"aioseo-breadcrumb\">\n\t\t\tEstudiantes del Casco competir\u00e1n en Danza Activa\n\t\t<\/span><\/div>","aioseo_breadcrumb_json":[{"label":"Inicio","link":"https:\/\/arcoproperties.com\/es\/"},{"label":"Estudiantes del Casco competir\u00e1n en Danza Activa","link":"https:\/\/arcoproperties.com\/es\/estudiantes-del-casco-competiran-en-danza-activa\/"}],"_links":{"self":[{"href":"https:\/\/arcoproperties.com\/es\/wp-json\/wp\/v2\/posts\/9595","targetHints":{"allow":["GET"]}}],"collection":[{"href":"https:\/\/arcoproperties.com\/es\/wp-json\/wp\/v2\/posts"}],"about":[{"href":"https:\/\/arcoproperties.com\/es\/wp-json\/wp\/v2\/types\/post"}],"author":[{"embeddable":true,"href":"https:\/\/arcoproperties.com\/es\/wp-json\/wp\/v2\/users\/5"}],"replies":[{"embeddable":true,"href":"https:\/\/arcoproperties.com\/es\/wp-json\/wp\/v2\/comments?post=9595"}],"version-history":[{"count":0,"href":"https:\/\/arcoproperties.com\/es\/wp-json\/wp\/v2\/posts\/9595\/revisions"}],"wp:attachment":[{"href":"https:\/\/arcoproperties.com\/es\/wp-json\/wp\/v2\/media?parent=9595"}],"wp:term":[{"taxonomy":"category","embeddable":true,"href":"https:\/\/arcoproperties.com\/es\/wp-json\/wp\/v2\/categories?post=9595"},{"taxonomy":"post_tag","embeddable":true,"href":"https:\/\/arcoproperties.com\/es\/wp-json\/wp\/v2\/tags?post=9595"}],"curies":[{"name":"wp","href":"https:\/\/api.w.org\/{rel}","templated":true}]}}