{"id":9468,"date":"2014-06-27T12:45:13","date_gmt":"2014-06-27T17:45:13","guid":{"rendered":"http:\/\/arcoproperties.com\/?p=9468"},"modified":"2014-06-27T12:45:13","modified_gmt":"2014-06-27T17:45:13","slug":"sembrarte-y-camp-wandu-en-casco-viejo","status":"publish","type":"post","link":"https:\/\/arcoproperties.com\/es\/sembrarte-y-camp-wandu-en-casco-viejo\/","title":{"rendered":"Sembrarte y Camp Wand\u00fa en Casco Viejo"},"content":{"rendered":"<div style=\"margin-top: 0px; margin-bottom: 0px;\" class=\"sharethis-inline-share-buttons\" ><\/div><p>Panam\u00e1, Casco Viejo, Casco Antiguo<\/p>\n<p>Cuando Frank Ferrer de Sembrarte me llam\u00f3 que ten\u00eda un grupo de ni\u00f1os para retocar el mural de Santa Familia, nunca me imagin\u00e9 la inyecci\u00f3n de total ternura que ven\u00eda en camino. La actividad era en colaboraci\u00f3n con Camp Wand\u00fa, y el primer d\u00eda llegaron los chiquitos con sus maestras. Completamente adorables, todos creo que eran menores de 5 a\u00f1os, ese rango de edad que me gusta llamar edad \u00abcupcake\u00bb por chiquitos y divinos.\u00a0 Pero eso s\u00ed, todos muy seriecitos recibiendo instrucciones.<\/p>\n<p>Como pueden ver en la foto, dividieron el mural en \u00e1reas de responsabilidad (seg\u00fan tama\u00f1o!). Los chiquitos abajo, y luego durante los dos d\u00edas siguientes vinieron los m\u00e1s grandes. El resultado fant\u00e1stico! Aqu\u00ed les paso unas fotos de la maestra Anamari de\u00a0 <a href=\"https:\/\/www.flickr.com\/photos\/corotucamp\">Camp Wandu<\/a>.<\/p>\n<p>No conoces Camp Wand\u00fa? <a href=\"http:\/\/campwandu.com\/\">AQU\u00cd<\/a> su website. Y<a href=\"http:\/\/www.fundacionsembrarte.org\/\"> AQU\u00cd<\/a> el de Sembrarte.<\/p>\n<p><a href=\"http:\/\/arcoproperties.com\/wp-content\/uploads\/2014\/06\/artistas.jpg\"><img loading=\"lazy\" decoding=\"async\" class=\"aligncenter size-medium wp-image-9466\" src=\"http:\/\/arcoproperties.com\/wp-content\/uploads\/2014\/06\/artistas-300x225.jpg\" alt=\"artistas\" width=\"300\" height=\"225\" srcset=\"https:\/\/arcoproperties.com\/wp-content\/uploads\/2014\/06\/artistas-300x225.jpg 300w, https:\/\/arcoproperties.com\/wp-content\/uploads\/2014\/06\/artistas.jpg 1024w\" sizes=\"auto, (max-width: 300px) 100vw, 300px\" \/><\/a> <a href=\"http:\/\/arcoproperties.com\/wp-content\/uploads\/2014\/06\/arriba.jpg\"><img loading=\"lazy\" decoding=\"async\" class=\"aligncenter size-medium wp-image-9465\" src=\"http:\/\/arcoproperties.com\/wp-content\/uploads\/2014\/06\/arriba-300x225.jpg\" alt=\"arriba\" width=\"300\" height=\"225\" srcset=\"https:\/\/arcoproperties.com\/wp-content\/uploads\/2014\/06\/arriba-300x225.jpg 300w, https:\/\/arcoproperties.com\/wp-content\/uploads\/2014\/06\/arriba.jpg 1024w\" sizes=\"auto, (max-width: 300px) 100vw, 300px\" \/><\/a> <a href=\"http:\/\/arcoproperties.com\/wp-content\/uploads\/2014\/06\/sembrarte-y-camp-wandu.jpg\"><img loading=\"lazy\" decoding=\"async\" class=\"aligncenter size-medium wp-image-9464\" src=\"http:\/\/arcoproperties.com\/wp-content\/uploads\/2014\/06\/sembrarte-y-camp-wandu-300x225.jpg\" alt=\"sembrarte y camp wandu\" width=\"300\" height=\"225\" srcset=\"https:\/\/arcoproperties.com\/wp-content\/uploads\/2014\/06\/sembrarte-y-camp-wandu-300x225.jpg 300w, https:\/\/arcoproperties.com\/wp-content\/uploads\/2014\/06\/sembrarte-y-camp-wandu.jpg 1024w\" sizes=\"auto, (max-width: 300px) 100vw, 300px\" \/><\/a><\/p>\n<p>&nbsp;<\/p>\n<p>&nbsp;<\/p>\n","protected":false},"excerpt":{"rendered":"<p>Panam\u00e1, Casco Viejo, Casco Antiguo Cuando Frank Ferrer de Sembrarte me llam\u00f3 que ten\u00eda un grupo de ni\u00f1os para retocar el mural de Santa Familia, nunca me imagin\u00e9 la inyecci\u00f3n de total ternura que ven\u00eda en camino. La actividad era en colaboraci\u00f3n con Camp Wand\u00fa, y el primer d\u00eda llegaron los chiquitos con sus maestras. [&hellip;]<\/p>\n","protected":false},"author":5,"featured_media":0,"comment_status":"open","ping_status":"closed","sticky":false,"template":"","format":"standard","meta":{"footnotes":""},"categories":[156,877],"tags":[829,934,933],"class_list":["post-9468","post","type-post","status-publish","format-standard","hentry","category-casco-antiguo","category-casco-viejo-casco-antiguo","tag-casco-viejo-comunidad","tag-panama-casco-antiguo-es","tag-panama-casco-viejo-es"],"aioseo_notices":[],"_links":{"self":[{"href":"https:\/\/arcoproperties.com\/es\/wp-json\/wp\/v2\/posts\/9468","targetHints":{"allow":["GET"]}}],"collection":[{"href":"https:\/\/arcoproperties.com\/es\/wp-json\/wp\/v2\/posts"}],"about":[{"href":"https:\/\/arcoproperties.com\/es\/wp-json\/wp\/v2\/types\/post"}],"author":[{"embeddable":true,"href":"https:\/\/arcoproperties.com\/es\/wp-json\/wp\/v2\/users\/5"}],"replies":[{"embeddable":true,"href":"https:\/\/arcoproperties.com\/es\/wp-json\/wp\/v2\/comments?post=9468"}],"version-history":[{"count":0,"href":"https:\/\/arcoproperties.com\/es\/wp-json\/wp\/v2\/posts\/9468\/revisions"}],"wp:attachment":[{"href":"https:\/\/arcoproperties.com\/es\/wp-json\/wp\/v2\/media?parent=9468"}],"wp:term":[{"taxonomy":"category","embeddable":true,"href":"https:\/\/arcoproperties.com\/es\/wp-json\/wp\/v2\/categories?post=9468"},{"taxonomy":"post_tag","embeddable":true,"href":"https:\/\/arcoproperties.com\/es\/wp-json\/wp\/v2\/tags?post=9468"}],"curies":[{"name":"wp","href":"https:\/\/api.w.org\/{rel}","templated":true}]}}