{"id":8668,"date":"2013-11-01T08:54:03","date_gmt":"2013-11-01T13:54:03","guid":{"rendered":"http:\/\/arcoproperties.com\/?p=8668"},"modified":"2022-06-01T13:54:58","modified_gmt":"2022-06-01T18:54:58","slug":"bandera-y-fechas-patrias","status":"publish","type":"post","link":"https:\/\/arcoproperties.com\/es\/bandera-y-fechas-patrias\/","title":{"rendered":"Bandera y Fechas Patrias"},"content":{"rendered":"<div style=\"margin-top: 0px; margin-bottom: 0px;\" class=\"sharethis-inline-share-buttons\" ><\/div><p>Casco Viejo Panam\u00e1 Casco Antiguo<\/p>\n<p>Llegaron las fiestas patrias!Para mi es todav\u00eda incre\u00edble que un pa\u00eds haya logrado acumular todas sus fechas patrias relacionadas con sus independencias, separaciones, banderas y m\u00e1s en un solo mes. S\u00ed, ese es Panam\u00e1! Sin mirar que la independencia fue en 1821 (Panam\u00e1 de Espa\u00f1a) y la separaci\u00f3n en 1903 (Panam\u00e1 de Colombia).\u00a0 Eficiencia total!<\/p>\n<p>Sin embargo, pocos saben que la versi\u00f3n actual de la bandera de Panam\u00e1 (blanca, roja y azul con estrellas) no fue la primera ni la \u00fanica versi\u00f3n. Hubo un par antes, y al menos una como parte de una conspiraci\u00f3n.<\/p>\n<p>La bandera final (actual) tiene una hermosa historia: simboliza la paz entre los partidos pol\u00edticos rivales de la \u00e9poca (Conservador y Liberal), lo cual ser\u00eda la base de la nueva rep\u00fablica. Por esto el blanco une a los otros dos colores, una naci\u00f3n de paz bajo una sola bandera.<\/p>\n<p>Que tengan un feliz fin de semana!<\/p>\n<p>Y si quieren leer m\u00e1s de la historia hagan <a href=\"http:\/\/es.wikipedia.org\/wiki\/Bandera_de_Panam%C3%A1\">click aqu\u00ed.<\/a><\/p>\n<p>Prototipo por Bunau Varilla:<\/p>\n<p><a href=\"http:\/\/arcoproperties.com\/wp-content\/uploads\/2013\/11\/750px-Bandera_varilla.svg_.png\"><img loading=\"lazy\" decoding=\"async\" src=\"http:\/\/arcoproperties.com\/wp-content\/uploads\/2013\/11\/750px-Bandera_varilla.svg_-300x200.png\" alt=\"750px-Bandera_varilla.svg\" width=\"300\" height=\"200\" \/><\/a><\/p>\n<p>Bandera actual<\/p>\n<p><img loading=\"lazy\" decoding=\"async\" src=\"http:\/\/arcoproperties.com\/wp-content\/uploads\/2013\/11\/Flag_of_Panama.svg_-300x200.png\" alt=\"Flag_of_Panama.svg\" width=\"300\" height=\"200\" \/><\/p>\n","protected":false},"excerpt":{"rendered":"<p>Casco Viejo Panam\u00e1 Casco Antiguo Llegaron las fiestas patrias!Para mi es todav\u00eda incre\u00edble que un pa\u00eds haya logrado acumular todas sus fechas patrias relacionadas con sus independencias, separaciones, banderas y m\u00e1s en un solo mes. S\u00ed, ese es Panam\u00e1! Sin mirar que la independencia fue en 1821 (Panam\u00e1 de Espa\u00f1a) y la separaci\u00f3n en 1903 [&hellip;]<\/p>\n","protected":false},"author":5,"featured_media":0,"comment_status":"closed","ping_status":"closed","sticky":false,"template":"","format":"standard","meta":{"footnotes":""},"categories":[],"tags":[],"class_list":["post-8668","post","type-post","status-publish","format-standard","hentry"],"aioseo_notices":[],"_links":{"self":[{"href":"https:\/\/arcoproperties.com\/es\/wp-json\/wp\/v2\/posts\/8668","targetHints":{"allow":["GET"]}}],"collection":[{"href":"https:\/\/arcoproperties.com\/es\/wp-json\/wp\/v2\/posts"}],"about":[{"href":"https:\/\/arcoproperties.com\/es\/wp-json\/wp\/v2\/types\/post"}],"author":[{"embeddable":true,"href":"https:\/\/arcoproperties.com\/es\/wp-json\/wp\/v2\/users\/5"}],"replies":[{"embeddable":true,"href":"https:\/\/arcoproperties.com\/es\/wp-json\/wp\/v2\/comments?post=8668"}],"version-history":[{"count":0,"href":"https:\/\/arcoproperties.com\/es\/wp-json\/wp\/v2\/posts\/8668\/revisions"}],"wp:attachment":[{"href":"https:\/\/arcoproperties.com\/es\/wp-json\/wp\/v2\/media?parent=8668"}],"wp:term":[{"taxonomy":"category","embeddable":true,"href":"https:\/\/arcoproperties.com\/es\/wp-json\/wp\/v2\/categories?post=8668"},{"taxonomy":"post_tag","embeddable":true,"href":"https:\/\/arcoproperties.com\/es\/wp-json\/wp\/v2\/tags?post=8668"}],"curies":[{"name":"wp","href":"https:\/\/api.w.org\/{rel}","templated":true}]}}