{"id":8586,"date":"2013-10-03T12:47:26","date_gmt":"2013-10-03T17:47:26","guid":{"rendered":"http:\/\/arcoproperties.com\/?p=8586"},"modified":"2022-05-27T04:48:44","modified_gmt":"2022-05-27T09:48:44","slug":"octubre-artistico-en-casco-viejo-danza-conciertos-flamenco","status":"publish","type":"post","link":"https:\/\/arcoproperties.com\/es\/octubre-artistico-en-casco-viejo-danza-conciertos-flamenco\/","title":{"rendered":"Octubre Art\u00edstico en Casco Viejo: Danza, Conciertos, Flamenco"},"content":{"rendered":"<div style=\"margin-top: 0px; margin-bottom: 0px;\" class=\"sharethis-inline-share-buttons\" ><\/div><p>Panam\u00e1 Casco Viejo, Casco Antiguo<\/p>\n<p>Octubre se ha llenado con arte! Ma\u00f1ana habr\u00e1 un concierto por la\u00a0<a href=\"https:\/\/www.facebook.com\/OJCAIntegracion\">Orquesta Juvenil Centroamericana<\/a>, compuesta por 118 j\u00f3venes m\u00fasicos de todo Centroam\u00e9rica, quienes se han estado quedando en el Casco desde el 24 de Septiembre y se van el 6 de Octubre. El concierto ser\u00e1 en el Teatro Anita Villalaz.<\/p>\n<p>Luego est\u00e1 el festival de danza contempor\u00e1nea <a href=\"https:\/\/arcoproperties.com\/es\/festival-de-danza-contemporanea-prisma-2013-en-casco-viejo\/\">PRISMA <\/a>, del cual escrib\u00ed la semana pasada. Y sumando a esto, hay un concierto de Guitarra Flamenca en Teatro Amador el 15 de Octubre. Info en la volante abajo!<\/p>\n<p>&nbsp;<\/p>\n<p><a href=\"http:\/\/arcoproperties.com\/wp-content\/uploads\/2013\/10\/guitarra-flamenca.png\"><img loading=\"lazy\" decoding=\"async\" src=\"http:\/\/arcoproperties.com\/wp-content\/uploads\/2013\/10\/guitarra-flamenca-193x300.png\" alt=\"guitarra flamenca\" width=\"193\" height=\"300\" \/><\/a><\/p>\n","protected":false},"excerpt":{"rendered":"<p>Panam\u00e1 Casco Viejo, Casco Antiguo Octubre se ha llenado con arte! Ma\u00f1ana habr\u00e1 un concierto por la\u00a0Orquesta Juvenil Centroamericana, compuesta por 118 j\u00f3venes m\u00fasicos de todo Centroam\u00e9rica, quienes se han estado quedando en el Casco desde el 24 de Septiembre y se van el 6 de Octubre. El concierto ser\u00e1 en el Teatro Anita Villalaz. [&hellip;]<\/p>\n","protected":false},"author":5,"featured_media":0,"comment_status":"closed","ping_status":"closed","sticky":false,"template":"","format":"standard","meta":{"footnotes":""},"categories":[156,877],"tags":[769,826,934,933,811,851],"class_list":["post-8586","post","type-post","status-publish","format-standard","hentry","category-casco-antiguo","category-casco-viejo-casco-antiguo","tag-casco-viejo-estilo-de-vida","tag-casco-viejo-eventos","tag-panama-casco-antiguo-es","tag-panama-casco-viejo-es","tag-que-hacer-en-casco-viejo","tag-que-hacer-en-panama"],"aioseo_notices":[],"_links":{"self":[{"href":"https:\/\/arcoproperties.com\/es\/wp-json\/wp\/v2\/posts\/8586","targetHints":{"allow":["GET"]}}],"collection":[{"href":"https:\/\/arcoproperties.com\/es\/wp-json\/wp\/v2\/posts"}],"about":[{"href":"https:\/\/arcoproperties.com\/es\/wp-json\/wp\/v2\/types\/post"}],"author":[{"embeddable":true,"href":"https:\/\/arcoproperties.com\/es\/wp-json\/wp\/v2\/users\/5"}],"replies":[{"embeddable":true,"href":"https:\/\/arcoproperties.com\/es\/wp-json\/wp\/v2\/comments?post=8586"}],"version-history":[{"count":0,"href":"https:\/\/arcoproperties.com\/es\/wp-json\/wp\/v2\/posts\/8586\/revisions"}],"wp:attachment":[{"href":"https:\/\/arcoproperties.com\/es\/wp-json\/wp\/v2\/media?parent=8586"}],"wp:term":[{"taxonomy":"category","embeddable":true,"href":"https:\/\/arcoproperties.com\/es\/wp-json\/wp\/v2\/categories?post=8586"},{"taxonomy":"post_tag","embeddable":true,"href":"https:\/\/arcoproperties.com\/es\/wp-json\/wp\/v2\/tags?post=8586"}],"curies":[{"name":"wp","href":"https:\/\/api.w.org\/{rel}","templated":true}]}}