{"id":8500,"date":"2013-09-19T11:55:52","date_gmt":"2013-09-19T16:55:52","guid":{"rendered":"http:\/\/arcoproperties.com\/?p=8500"},"modified":"2022-05-27T04:49:30","modified_gmt":"2022-05-27T09:49:30","slug":"festival-de-danza-contemporanea-prisma-2013-en-casco-viejo","status":"publish","type":"post","link":"https:\/\/arcoproperties.com\/es\/festival-de-danza-contemporanea-prisma-2013-en-casco-viejo\/","title":{"rendered":"Festival de Danza Contempor\u00e1nea PRISMA 2013 en Casco Viejo"},"content":{"rendered":"<div style=\"margin-top: 0px; margin-bottom: 0px;\" class=\"sharethis-inline-share-buttons\" ><\/div><p>Panama, Casco Viejo, Casco Antiguo<\/p>\n<p>Del 16 al 21 de Octubre, el Casco Antiguo ser\u00e1 una vez m\u00e1s el escenario de excelentes propuestas de danza contempor\u00e1nea. El festival PRISMA estar\u00e1 presentando grupos de Espa\u00f1a, Costa Rica, Brasil, Panam\u00e1, Italia, Alemania y Colombia. Aqu\u00ed est\u00e1 el calendario, ver la foto abajo. Y para m\u00e1s detalles, \u00e9ste es el sitio WEB del festival.<\/p>\n<p>El primer evento en el Teatro Anita Villalaz ser\u00e1 gratis!<\/p>\n<p><a href=\"http:\/\/arcoproperties.com\/wp-content\/uploads\/2013\/09\/Prisma-2013.jpg\"><img loading=\"lazy\" decoding=\"async\" class=\"aligncenter size-medium wp-image-8497\" src=\"http:\/\/arcoproperties.com\/wp-content\/uploads\/2013\/09\/Prisma-2013-224x300.jpg\" alt=\"Prisma 2013\" width=\"224\" height=\"300\" srcset=\"https:\/\/arcoproperties.com\/wp-content\/uploads\/2013\/09\/Prisma-2013-224x300.jpg 224w, https:\/\/arcoproperties.com\/wp-content\/uploads\/2013\/09\/Prisma-2013-764x1024.jpg 764w, https:\/\/arcoproperties.com\/wp-content\/uploads\/2013\/09\/Prisma-2013.jpg 1434w\" sizes=\"auto, (max-width: 224px) 100vw, 224px\" \/><\/a> <a href=\"http:\/\/arcoproperties.com\/wp-content\/uploads\/2013\/09\/Prisma-2013-calendario.jpg\"><img loading=\"lazy\" decoding=\"async\" class=\"aligncenter size-medium wp-image-8498\" src=\"http:\/\/arcoproperties.com\/wp-content\/uploads\/2013\/09\/Prisma-2013-calendario-224x300.jpg\" alt=\"Prisma 2013 calendario\" width=\"224\" height=\"300\" srcset=\"https:\/\/arcoproperties.com\/wp-content\/uploads\/2013\/09\/Prisma-2013-calendario-224x300.jpg 224w, https:\/\/arcoproperties.com\/wp-content\/uploads\/2013\/09\/Prisma-2013-calendario.jpg 765w\" sizes=\"auto, (max-width: 224px) 100vw, 224px\" \/><\/a><\/p>\n<p>&nbsp;<\/p>\n","protected":false},"excerpt":{"rendered":"<p>Panama, Casco Viejo, Casco Antiguo Del 16 al 21 de Octubre, el Casco Antiguo ser\u00e1 una vez m\u00e1s el escenario de excelentes propuestas de danza contempor\u00e1nea. El festival PRISMA estar\u00e1 presentando grupos de Espa\u00f1a, Costa Rica, Brasil, Panam\u00e1, Italia, Alemania y Colombia. Aqu\u00ed est\u00e1 el calendario, ver la foto abajo. Y para m\u00e1s detalles, \u00e9ste [&hellip;]<\/p>\n","protected":false},"author":5,"featured_media":0,"comment_status":"closed","ping_status":"closed","sticky":false,"template":"","format":"standard","meta":{"footnotes":""},"categories":[],"tags":[],"class_list":["post-8500","post","type-post","status-publish","format-standard","hentry"],"aioseo_notices":[],"_links":{"self":[{"href":"https:\/\/arcoproperties.com\/es\/wp-json\/wp\/v2\/posts\/8500","targetHints":{"allow":["GET"]}}],"collection":[{"href":"https:\/\/arcoproperties.com\/es\/wp-json\/wp\/v2\/posts"}],"about":[{"href":"https:\/\/arcoproperties.com\/es\/wp-json\/wp\/v2\/types\/post"}],"author":[{"embeddable":true,"href":"https:\/\/arcoproperties.com\/es\/wp-json\/wp\/v2\/users\/5"}],"replies":[{"embeddable":true,"href":"https:\/\/arcoproperties.com\/es\/wp-json\/wp\/v2\/comments?post=8500"}],"version-history":[{"count":0,"href":"https:\/\/arcoproperties.com\/es\/wp-json\/wp\/v2\/posts\/8500\/revisions"}],"wp:attachment":[{"href":"https:\/\/arcoproperties.com\/es\/wp-json\/wp\/v2\/media?parent=8500"}],"wp:term":[{"taxonomy":"category","embeddable":true,"href":"https:\/\/arcoproperties.com\/es\/wp-json\/wp\/v2\/categories?post=8500"},{"taxonomy":"post_tag","embeddable":true,"href":"https:\/\/arcoproperties.com\/es\/wp-json\/wp\/v2\/tags?post=8500"}],"curies":[{"name":"wp","href":"https:\/\/api.w.org\/{rel}","templated":true}]}}