{"id":6757,"date":"2012-09-07T08:45:21","date_gmt":"2012-09-07T13:45:21","guid":{"rendered":"http:\/\/arcoproperties.com\/?p=6757"},"modified":"2022-05-27T04:42:07","modified_gmt":"2022-05-27T09:42:07","slug":"jardin-vertical-llega-al-ellas","status":"publish","type":"post","link":"https:\/\/arcoproperties.com\/es\/jardin-vertical-llega-al-ellas\/","title":{"rendered":"Jard\u00edn Vertical Llega al Ellas"},"content":{"rendered":"<div style=\"margin-top: 0px; margin-bottom: 0px;\" class=\"sharethis-inline-share-buttons\" ><\/div><p>Casco Viejo Panam\u00e1<\/p>\n<p>\u00abEllas\u00bb es la revista semanal que publica La Prensa todos los viernes y que es una de las favoritas de todos los paname\u00f1os.\u00a0 En la edici\u00f3n de hoy, viernes 7 septiembre, publicaron una foto en su secci\u00f3n Ventana Abierta y le dieron \u00abflores frescas\u00bb al parquecito comunitario que crearon AVACA, Sembrarte y Jardines Urbanos en Casco Viejo, en un lote abandonado en Calle 4ta y Avenida A.<\/p>\n<p>Nos encanta porque lanza la inspiraci\u00f3n a muchos de las cosas creativas y positivas que cualquiera puede hacer con pr\u00e1cticamente cero presupuesto. Much\u00edsimas gracias a la revista Ellas por notar los esfuerzos de la comunidad en el Casco y darles este espacio privilegiado! Para ver la publicaci\u00f3n hacer CLICK AQUI<\/p>\n<p><a href=\"http:\/\/localhost:8888\/arco\/wp-content\/uploads\/2012\/09\/ellas-parquecito1.jpg\" rel=\"attachment wp-att-6758\"><img loading=\"lazy\" decoding=\"async\" class=\"aligncenter size-medium wp-image-6758\" title=\"ellas parquecito\" src=\"http:\/\/arcoproperties.com\/wp-content\/uploads\/2012\/09\/ellas-parquecito1-300x225.jpg\" alt=\"\" width=\"300\" height=\"225\" srcset=\"https:\/\/arcoproperties.com\/wp-content\/uploads\/2012\/09\/ellas-parquecito1-300x225.jpg 300w, https:\/\/arcoproperties.com\/wp-content\/uploads\/2012\/09\/ellas-parquecito1.jpg 960w\" sizes=\"auto, (max-width: 300px) 100vw, 300px\" \/><\/a><\/p>\n<p>&nbsp;<\/p>\n","protected":false},"excerpt":{"rendered":"<p>Casco Viejo Panam\u00e1 \u00abEllas\u00bb es la revista semanal que publica La Prensa todos los viernes y que es una de las favoritas de todos los paname\u00f1os.\u00a0 En la edici\u00f3n de hoy, viernes 7 septiembre, publicaron una foto en su secci\u00f3n Ventana Abierta y le dieron \u00abflores frescas\u00bb al parquecito comunitario que crearon AVACA, Sembrarte y [&hellip;]<\/p>\n","protected":false},"author":2,"featured_media":0,"comment_status":"closed","ping_status":"closed","sticky":false,"template":"","format":"standard","meta":{"footnotes":""},"categories":[156,877],"tags":[301,829,310,431],"class_list":["post-6757","post","type-post","status-publish","format-standard","hentry","category-casco-antiguo","category-casco-viejo-casco-antiguo","tag-casco-antiguo-panama","tag-casco-viejo-comunidad","tag-casco-viejo-panama","tag-panama-casco-viejo"],"aioseo_notices":[],"_links":{"self":[{"href":"https:\/\/arcoproperties.com\/es\/wp-json\/wp\/v2\/posts\/6757","targetHints":{"allow":["GET"]}}],"collection":[{"href":"https:\/\/arcoproperties.com\/es\/wp-json\/wp\/v2\/posts"}],"about":[{"href":"https:\/\/arcoproperties.com\/es\/wp-json\/wp\/v2\/types\/post"}],"author":[{"embeddable":true,"href":"https:\/\/arcoproperties.com\/es\/wp-json\/wp\/v2\/users\/2"}],"replies":[{"embeddable":true,"href":"https:\/\/arcoproperties.com\/es\/wp-json\/wp\/v2\/comments?post=6757"}],"version-history":[{"count":0,"href":"https:\/\/arcoproperties.com\/es\/wp-json\/wp\/v2\/posts\/6757\/revisions"}],"wp:attachment":[{"href":"https:\/\/arcoproperties.com\/es\/wp-json\/wp\/v2\/media?parent=6757"}],"wp:term":[{"taxonomy":"category","embeddable":true,"href":"https:\/\/arcoproperties.com\/es\/wp-json\/wp\/v2\/categories?post=6757"},{"taxonomy":"post_tag","embeddable":true,"href":"https:\/\/arcoproperties.com\/es\/wp-json\/wp\/v2\/tags?post=6757"}],"curies":[{"name":"wp","href":"https:\/\/api.w.org\/{rel}","templated":true}]}}