{"id":6746,"date":"2012-08-28T08:36:47","date_gmt":"2012-08-28T13:36:47","guid":{"rendered":"http:\/\/arcoproperties.com\/?p=6746"},"modified":"2022-05-27T04:40:10","modified_gmt":"2022-05-27T09:40:10","slug":"jardin-vertical-del-casco-viejo-crece","status":"publish","type":"post","link":"https:\/\/arcoproperties.com\/es\/jardin-vertical-del-casco-viejo-crece\/","title":{"rendered":"Jard\u00edn Vertical del Casco Viejo Crece"},"content":{"rendered":"<div style=\"margin-top: 0px; margin-bottom: 0px;\" class=\"sharethis-inline-share-buttons\" ><\/div><p>Panam\u00e1 Casco Viejo<\/p>\n<p>Genial! las peque\u00f1as plantitas est\u00e1n creciendo! Este jard\u00edn fue plantado hace un par de semanas (<a href=\"https:\/\/arcoproperties.com\/es\/arte-transforma-lotes-baldios-en-jardines-urbanos-en-casco-viejo\/\">ver aqu\u00ed<\/a>) por varias organizaciones del Barrio (Sembrarte, AVACA, Jardines Urbanos) y ahora han comenzado a crecer y verse bien.\u00a0 Es interesante ver a locales y turistas tomarse fotos con la instalaci\u00f3n art\u00edstica. Incre\u00edble c\u00f3mo algo tan sencillo puede despertar sonrisas, curiosidad y chispas de creatividad.<\/p>\n\n\t\t<style type=\"text\/css\">\n\t\t\t#gallery-1 {\n\t\t\t\tmargin: auto;\n\t\t\t}\n\t\t\t#gallery-1 .gallery-item {\n\t\t\t\tfloat: left;\n\t\t\t\tmargin-top: 10px;\n\t\t\t\ttext-align: center;\n\t\t\t\twidth: 50%;\n\t\t\t}\n\t\t\t#gallery-1 img {\n\t\t\t\tborder: 2px solid #cfcfcf;\n\t\t\t}\n\t\t\t#gallery-1 .gallery-caption {\n\t\t\t\tmargin-left: 0;\n\t\t\t}\n\t\t\t\/* see gallery_shortcode() in wp-includes\/media.php *\/\n\t\t<\/style>\n\t\t<div id='gallery-1' class='gallery galleryid-6746 gallery-columns-2 gallery-size-thumbnail'><dl class='gallery-item'>\n\t\t\t<dt class='gallery-icon landscape'>\n\t\t\t\t<a href='https:\/\/arcoproperties.com\/es\/jardin-vertical-del-casco-viejo-crece\/garden-casco-viejo-1-2\/'><img loading=\"lazy\" decoding=\"async\" width=\"150\" height=\"150\" src=\"https:\/\/arcoproperties.com\/wp-content\/uploads\/2012\/08\/garden-Casco-Viejo-11-150x150.jpg\" class=\"attachment-thumbnail size-thumbnail\" alt=\"\" \/><\/a>\n\t\t\t<\/dt><\/dl><dl class='gallery-item'>\n\t\t\t<dt class='gallery-icon landscape'>\n\t\t\t\t<a href='https:\/\/arcoproperties.com\/es\/jardin-vertical-del-casco-viejo-crece\/casco-viejo-garden-2-2\/'><img loading=\"lazy\" decoding=\"async\" width=\"150\" height=\"150\" src=\"https:\/\/arcoproperties.com\/wp-content\/uploads\/2012\/08\/casco-Viejo-garden-21-150x150.jpg\" class=\"attachment-thumbnail size-thumbnail\" alt=\"\" \/><\/a>\n\t\t\t<\/dt><\/dl><br style=\"clear: both\" \/><dl class='gallery-item'>\n\t\t\t<dt class='gallery-icon landscape'>\n\t\t\t\t<a href='https:\/\/arcoproperties.com\/es\/jardin-vertical-del-casco-viejo-crece\/casco-viejo-plants-2\/'><img loading=\"lazy\" decoding=\"async\" width=\"150\" height=\"150\" src=\"https:\/\/arcoproperties.com\/wp-content\/uploads\/2012\/08\/casco-viejo-plants1-150x150.jpg\" class=\"attachment-thumbnail size-thumbnail\" alt=\"\" \/><\/a>\n\t\t\t<\/dt><\/dl><dl class='gallery-item'>\n\t\t\t<dt class='gallery-icon landscape'>\n\t\t\t\t<a href='https:\/\/arcoproperties.com\/es\/jardin-vertical-del-casco-viejo-crece\/casco-viejo-plants-1-2\/'><img loading=\"lazy\" decoding=\"async\" width=\"150\" height=\"150\" src=\"https:\/\/arcoproperties.com\/wp-content\/uploads\/2012\/08\/Casco-Viejo-plants-11-150x150.jpg\" class=\"attachment-thumbnail size-thumbnail\" alt=\"\" \/><\/a>\n\t\t\t<\/dt><\/dl><br style=\"clear: both\" \/>\n\t\t<\/div>\n\n","protected":false},"excerpt":{"rendered":"<p>Panam\u00e1 Casco Viejo Genial! las peque\u00f1as plantitas est\u00e1n creciendo! Este jard\u00edn fue plantado hace un par de semanas (ver aqu\u00ed) por varias organizaciones del Barrio (Sembrarte, AVACA, Jardines Urbanos) y ahora han comenzado a crecer y verse bien.\u00a0 Es interesante ver a locales y turistas tomarse fotos con la instalaci\u00f3n art\u00edstica. Incre\u00edble c\u00f3mo algo tan [&hellip;]<\/p>\n","protected":false},"author":2,"featured_media":0,"comment_status":"closed","ping_status":"closed","sticky":false,"template":"","format":"standard","meta":{"footnotes":""},"categories":[156,877],"tags":[829,769,430,431],"class_list":["post-6746","post","type-post","status-publish","format-standard","hentry","category-casco-antiguo","category-casco-viejo-casco-antiguo","tag-casco-viejo-comunidad","tag-casco-viejo-estilo-de-vida","tag-panama-casco-antiguo","tag-panama-casco-viejo"],"aioseo_notices":[],"_links":{"self":[{"href":"https:\/\/arcoproperties.com\/es\/wp-json\/wp\/v2\/posts\/6746","targetHints":{"allow":["GET"]}}],"collection":[{"href":"https:\/\/arcoproperties.com\/es\/wp-json\/wp\/v2\/posts"}],"about":[{"href":"https:\/\/arcoproperties.com\/es\/wp-json\/wp\/v2\/types\/post"}],"author":[{"embeddable":true,"href":"https:\/\/arcoproperties.com\/es\/wp-json\/wp\/v2\/users\/2"}],"replies":[{"embeddable":true,"href":"https:\/\/arcoproperties.com\/es\/wp-json\/wp\/v2\/comments?post=6746"}],"version-history":[{"count":0,"href":"https:\/\/arcoproperties.com\/es\/wp-json\/wp\/v2\/posts\/6746\/revisions"}],"wp:attachment":[{"href":"https:\/\/arcoproperties.com\/es\/wp-json\/wp\/v2\/media?parent=6746"}],"wp:term":[{"taxonomy":"category","embeddable":true,"href":"https:\/\/arcoproperties.com\/es\/wp-json\/wp\/v2\/categories?post=6746"},{"taxonomy":"post_tag","embeddable":true,"href":"https:\/\/arcoproperties.com\/es\/wp-json\/wp\/v2\/tags?post=6746"}],"curies":[{"name":"wp","href":"https:\/\/api.w.org\/{rel}","templated":true}]}}