{"id":6723,"date":"2012-08-23T08:08:23","date_gmt":"2012-08-23T13:08:23","guid":{"rendered":"http:\/\/arcoproperties.com\/?p=6723"},"modified":"2012-08-23T08:08:23","modified_gmt":"2012-08-23T13:08:23","slug":"mas-eventos-artisticos-en-el-casco-viejo","status":"publish","type":"post","link":"https:\/\/arcoproperties.com\/es\/mas-eventos-artisticos-en-el-casco-viejo\/","title":{"rendered":"M\u00e1s eventos art\u00edsticos en el Casco Viejo!"},"content":{"rendered":"<div style=\"margin-top: 0px; margin-bottom: 0px;\" class=\"sharethis-inline-share-buttons\" ><\/div><p>Panam\u00e1 Casco Viejo<\/p>\n<p>El fin de semana ya est\u00e1 a la vuelta de la esquina y los eventos comienzan a apilarse. Esta noche, un hermoso concierto por el director israel\u00ed Shalev- Ad a beneficio de la Fundaci\u00f3n Soy Capaz, una organizaci\u00f3n dedicada al autismo. El concierto ser\u00e1 en el Teatro Nacional esta noche a las 7:30 p.m.<\/p>\n<p>El s\u00e1bado, Los del Patio tendr\u00e1n su segunda \u00abFeria del Dise\u00f1o\u00bb en donde j\u00f3venes dise\u00f1adores podr\u00e1n exponer su joyer\u00eda, artesan\u00eda y m\u00e1s. Tendr\u00e1n t\u00e9 gratis! S\u00e1bado de 3 p.m. a 8:30 p.m. en Calle 3era, al lado del Teatro Nacional.<\/p>\n<p>El viernes que le sigue (31 de Agosto) ser\u00e1 el lanzamiento por Miss Moss de otra colecci\u00f3n de zapatos Melissa, esta vez en Hostal Panamericana. Este nuevo hostal en el Casco Viejo est\u00e1 lind\u00edsimo y divertido, la vista panor\u00e1mica de la terraza en techo es fenomenal!<\/p>\n<p>Septiembre tambi\u00e9n arranca con eventos:<\/p>\n<p>7,8,9 de Septiembre: danza &#8211; circo \u00abLos Recuerdos Tambi\u00e9n Caducan\u00bb por La Tribu Performance, junto a bailarines como Fernando Hurtado, Analida Galindo, Pablo Alga\u00f1araz y n\u00e1na+na danza.\u00a0 Boletos de venta en Diablo Rosso o en la taquilla del teatro. M\u00e1s informaci\u00f3n al\u00a0 correo info@latribuperformance.com<\/p>\n<p>12 Septiembre: La Asociaci\u00f3n Nacional de Conciertos presenta al pianista Jue Want. Teatro Nacional.<\/p>\n\n\t\t<style type=\"text\/css\">\n\t\t\t#gallery-1 {\n\t\t\t\tmargin: auto;\n\t\t\t}\n\t\t\t#gallery-1 .gallery-item {\n\t\t\t\tfloat: left;\n\t\t\t\tmargin-top: 10px;\n\t\t\t\ttext-align: center;\n\t\t\t\twidth: 50%;\n\t\t\t}\n\t\t\t#gallery-1 img {\n\t\t\t\tborder: 2px solid #cfcfcf;\n\t\t\t}\n\t\t\t#gallery-1 .gallery-caption {\n\t\t\t\tmargin-left: 0;\n\t\t\t}\n\t\t\t\/* see gallery_shortcode() in wp-includes\/media.php *\/\n\t\t<\/style>\n\t\t<div id='gallery-1' class='gallery galleryid-6723 gallery-columns-2 gallery-size-thumbnail'><dl class='gallery-item'>\n\t\t\t<dt class='gallery-icon portrait'>\n\t\t\t\t<a href='https:\/\/arcoproperties.com\/es\/mas-eventos-artisticos-en-el-casco-viejo\/afiche-4\/'><img loading=\"lazy\" decoding=\"async\" width=\"150\" height=\"150\" src=\"https:\/\/arcoproperties.com\/wp-content\/uploads\/2012\/08\/Concierto-23.8.2012-Afiche3-150x150.jpg\" class=\"attachment-thumbnail size-thumbnail\" alt=\"\" \/><\/a>\n\t\t\t<\/dt><\/dl><dl class='gallery-item'>\n\t\t\t<dt class='gallery-icon portrait'>\n\t\t\t\t<a href='https:\/\/arcoproperties.com\/es\/mas-eventos-artisticos-en-el-casco-viejo\/feria-del-diseno-2\/'><img loading=\"lazy\" decoding=\"async\" width=\"150\" height=\"150\" src=\"https:\/\/arcoproperties.com\/wp-content\/uploads\/2012\/08\/Feria-del-Dise\u00f1o1-150x150.jpg\" class=\"attachment-thumbnail size-thumbnail\" alt=\"\" \/><\/a>\n\t\t\t<\/dt><\/dl><br style=\"clear: both\" \/>\n\t\t<\/div>\n\n","protected":false},"excerpt":{"rendered":"<p>Panam\u00e1 Casco Viejo El fin de semana ya est\u00e1 a la vuelta de la esquina y los eventos comienzan a apilarse. Esta noche, un hermoso concierto por el director israel\u00ed Shalev- Ad a beneficio de la Fundaci\u00f3n Soy Capaz, una organizaci\u00f3n dedicada al autismo. El concierto ser\u00e1 en el Teatro Nacional esta noche a las [&hellip;]<\/p>\n","protected":false},"author":2,"featured_media":0,"comment_status":"closed","ping_status":"closed","sticky":false,"template":"","format":"standard","meta":{"footnotes":""},"categories":[156,877],"tags":[430,431,811,851],"class_list":["post-6723","post","type-post","status-publish","format-standard","hentry","category-casco-antiguo","category-casco-viejo-casco-antiguo","tag-panama-casco-antiguo","tag-panama-casco-viejo","tag-que-hacer-en-casco-viejo","tag-que-hacer-en-panama"],"aioseo_notices":[],"_links":{"self":[{"href":"https:\/\/arcoproperties.com\/es\/wp-json\/wp\/v2\/posts\/6723","targetHints":{"allow":["GET"]}}],"collection":[{"href":"https:\/\/arcoproperties.com\/es\/wp-json\/wp\/v2\/posts"}],"about":[{"href":"https:\/\/arcoproperties.com\/es\/wp-json\/wp\/v2\/types\/post"}],"author":[{"embeddable":true,"href":"https:\/\/arcoproperties.com\/es\/wp-json\/wp\/v2\/users\/2"}],"replies":[{"embeddable":true,"href":"https:\/\/arcoproperties.com\/es\/wp-json\/wp\/v2\/comments?post=6723"}],"version-history":[{"count":0,"href":"https:\/\/arcoproperties.com\/es\/wp-json\/wp\/v2\/posts\/6723\/revisions"}],"wp:attachment":[{"href":"https:\/\/arcoproperties.com\/es\/wp-json\/wp\/v2\/media?parent=6723"}],"wp:term":[{"taxonomy":"category","embeddable":true,"href":"https:\/\/arcoproperties.com\/es\/wp-json\/wp\/v2\/categories?post=6723"},{"taxonomy":"post_tag","embeddable":true,"href":"https:\/\/arcoproperties.com\/es\/wp-json\/wp\/v2\/tags?post=6723"}],"curies":[{"name":"wp","href":"https:\/\/api.w.org\/{rel}","templated":true}]}}