{"id":5568,"date":"2012-01-23T08:58:34","date_gmt":"2012-01-23T13:58:34","guid":{"rendered":"http:\/\/arcoproperties.com\/?p=5568"},"modified":"2012-01-23T08:58:34","modified_gmt":"2012-01-23T13:58:34","slug":"fotos-del-festival-de-jazz-de-panama-en-casco-viejo","status":"publish","type":"post","link":"https:\/\/arcoproperties.com\/es\/fotos-del-festival-de-jazz-de-panama-en-casco-viejo\/","title":{"rendered":"Fotos del Festival de Jazz de Panam\u00e1 en Casco Viejo"},"content":{"rendered":"<div style=\"margin-top: 0px; margin-bottom: 0px;\" class=\"sharethis-inline-share-buttons\" ><\/div><p>Panama Casco Viejo, Casco Antiguo<\/p>\n<p>El s\u00e1bado, el Casco Viejo se inund\u00f3 de m\u00fasica y de amantes de la m\u00fasica.\u00a0 La lista de artistas incluy\u00f3 nombres como Tito Puente Jr., hombro a hombro con estudiantes paname\u00f1os de la Fundaci\u00f3n Danilo P\u00e9rez.<\/p>\n<p>Cuando el festival inici\u00f3 hace a\u00f1os (ya son ocho? incre\u00edble), presentaron a j\u00f3venes talentos quienes reci\u00e9n iniciar\u00edan su educaci\u00f3n en la reci\u00e9n estrenada escuela de jazz de la fundaci\u00f3n en el edificio Conservatorio, Plaza Herrera.\u00a0 Ese a\u00f1o presentaron a Milagros, que andaba por los cinco a\u00f1os y tocaba tambor. Este a\u00f1o, Milagros y otros de sus compa\u00f1eros, ya entrados en la adolescencia y formando su propia banda, compartieron escenario con j\u00f3venes de escuelas de m\u00fasica de gran prestigio internacional como el Berkley College of Music.<\/p>\n<p>Una de las cosas que m\u00e1s me gustan de este festival es su ambiente tranquilo, todo el mundo est\u00e1 pas\u00e1ndola bien,\u00a0 y el Casco Viejo se convierte en el perfecto punto para conocer gente que literalmente viene de todos los rincones de Panam\u00e1 y el Mundo.<\/p>\n<p>Felicidades! y disfruten las fotos,<\/p>\n\n\t\t<style>\n\t\t\t#gallery-1 {\n\t\t\t\tmargin: auto;\n\t\t\t}\n\t\t\t#gallery-1 .gallery-item {\n\t\t\t\tfloat: left;\n\t\t\t\tmargin-top: 10px;\n\t\t\t\ttext-align: center;\n\t\t\t\twidth: 50%;\n\t\t\t}\n\t\t\t#gallery-1 img {\n\t\t\t\tborder: 2px solid #cfcfcf;\n\t\t\t}\n\t\t\t#gallery-1 .gallery-caption {\n\t\t\t\tmargin-left: 0;\n\t\t\t}\n\t\t\t\/* see gallery_shortcode() in wp-includes\/media.php *\/\n\t\t<\/style>\n\t\t<div id='gallery-1' class='gallery galleryid-5568 gallery-columns-2 gallery-size-thumbnail'><dl class='gallery-item'>\n\t\t\t<dt class='gallery-icon landscape'>\n\t\t\t\t<a href='https:\/\/arcoproperties.com\/es\/fotos-del-festival-de-jazz-de-panama-en-casco-viejo\/everyone-at-casco-viejo-2\/'><img loading=\"lazy\" decoding=\"async\" width=\"150\" height=\"150\" src=\"https:\/\/arcoproperties.com\/wp-content\/uploads\/2012\/01\/everyone-at-Casco-Viejo1-150x150.jpg\" class=\"attachment-thumbnail size-thumbnail\" alt=\"\" \/><\/a>\n\t\t\t<\/dt><\/dl><dl class='gallery-item'>\n\t\t\t<dt class='gallery-icon landscape'>\n\t\t\t\t<a href='https:\/\/arcoproperties.com\/es\/fotos-del-festival-de-jazz-de-panama-en-casco-viejo\/plaza-catedral-1-2\/'><img loading=\"lazy\" decoding=\"async\" width=\"150\" height=\"150\" src=\"https:\/\/arcoproperties.com\/wp-content\/uploads\/2012\/01\/plaza-catedral-11-150x150.jpg\" class=\"attachment-thumbnail size-thumbnail\" alt=\"\" \/><\/a>\n\t\t\t<\/dt><\/dl><br style=\"clear: both\" \/><dl class='gallery-item'>\n\t\t\t<dt class='gallery-icon landscape'>\n\t\t\t\t<a href='https:\/\/arcoproperties.com\/es\/fotos-del-festival-de-jazz-de-panama-en-casco-viejo\/meeting-people-2\/'><img loading=\"lazy\" decoding=\"async\" width=\"150\" height=\"150\" src=\"https:\/\/arcoproperties.com\/wp-content\/uploads\/2012\/01\/meeting-people1-150x150.jpg\" class=\"attachment-thumbnail size-thumbnail\" alt=\"\" \/><\/a>\n\t\t\t<\/dt><\/dl><dl class='gallery-item'>\n\t\t\t<dt class='gallery-icon portrait'>\n\t\t\t\t<a href='https:\/\/arcoproperties.com\/es\/fotos-del-festival-de-jazz-de-panama-en-casco-viejo\/musicians-2\/'><img loading=\"lazy\" decoding=\"async\" width=\"150\" height=\"150\" src=\"https:\/\/arcoproperties.com\/wp-content\/uploads\/2012\/01\/musicians1-150x150.jpg\" class=\"attachment-thumbnail size-thumbnail\" alt=\"\" \/><\/a>\n\t\t\t<\/dt><\/dl><br style=\"clear: both\" \/><dl class='gallery-item'>\n\t\t\t<dt class='gallery-icon landscape'>\n\t\t\t\t<a href='https:\/\/arcoproperties.com\/es\/fotos-del-festival-de-jazz-de-panama-en-casco-viejo\/plaza-catedral-3\/'><img loading=\"lazy\" decoding=\"async\" width=\"150\" height=\"150\" src=\"https:\/\/arcoproperties.com\/wp-content\/uploads\/2012\/01\/plaza-catedral1-150x150.jpg\" class=\"attachment-thumbnail size-thumbnail\" alt=\"\" \/><\/a>\n\t\t\t<\/dt><\/dl><dl class='gallery-item'>\n\t\t\t<dt class='gallery-icon landscape'>\n\t\t\t\t<a href='https:\/\/arcoproperties.com\/es\/fotos-del-festival-de-jazz-de-panama-en-casco-viejo\/young-musicians-2\/'><img loading=\"lazy\" decoding=\"async\" width=\"150\" height=\"150\" src=\"https:\/\/arcoproperties.com\/wp-content\/uploads\/2012\/01\/young-musicians1-150x150.jpg\" class=\"attachment-thumbnail size-thumbnail\" alt=\"\" \/><\/a>\n\t\t\t<\/dt><\/dl><br style=\"clear: both\" \/><dl class='gallery-item'>\n\t\t\t<dt class='gallery-icon landscape'>\n\t\t\t\t<a href='https:\/\/arcoproperties.com\/es\/fotos-del-festival-de-jazz-de-panama-en-casco-viejo\/plaza-catedral-2-2\/'><img loading=\"lazy\" decoding=\"async\" width=\"150\" height=\"150\" src=\"https:\/\/arcoproperties.com\/wp-content\/uploads\/2012\/01\/plaza-catedral-21-150x150.jpg\" class=\"attachment-thumbnail size-thumbnail\" alt=\"\" \/><\/a>\n\t\t\t<\/dt><\/dl><dl class='gallery-item'>\n\t\t\t<dt class='gallery-icon portrait'>\n\t\t\t\t<a href='https:\/\/arcoproperties.com\/es\/fotos-del-festival-de-jazz-de-panama-en-casco-viejo\/street-food-2\/'><img loading=\"lazy\" decoding=\"async\" width=\"150\" height=\"150\" src=\"https:\/\/arcoproperties.com\/wp-content\/uploads\/2012\/01\/street-food1-150x150.jpg\" class=\"attachment-thumbnail size-thumbnail\" alt=\"\" \/><\/a>\n\t\t\t<\/dt><\/dl><br style=\"clear: both\" \/>\n\t\t<\/div>\n\n","protected":false},"excerpt":{"rendered":"<p>Panama Casco Viejo, Casco Antiguo El s\u00e1bado, el Casco Viejo se inund\u00f3 de m\u00fasica y de amantes de la m\u00fasica.\u00a0 La lista de artistas incluy\u00f3 nombres como Tito Puente Jr., hombro a hombro con estudiantes paname\u00f1os de la Fundaci\u00f3n Danilo P\u00e9rez. Cuando el festival inici\u00f3 hace a\u00f1os (ya son ocho? incre\u00edble), presentaron a j\u00f3venes talentos [&hellip;]<\/p>\n","protected":false},"author":2,"featured_media":0,"comment_status":"closed","ping_status":"closed","sticky":false,"template":"","format":"standard","meta":{"footnotes":""},"categories":[156,877],"tags":[897,439,811,851],"class_list":["post-5568","post","type-post","status-publish","format-standard","hentry","category-casco-antiguo","category-casco-viejo-casco-antiguo","tag-eventos-casco-viejo","tag-panama-jazz-festival","tag-que-hacer-en-casco-viejo","tag-que-hacer-en-panama"],"aioseo_notices":[],"aioseo_head":"\n\t\t<!-- All in One SEO 5.0.0.1 - aioseo.com -->\n\t<meta name=\"robots\" content=\"max-image-preview:large\" \/>\n\t<meta name=\"author\" content=\"patrizia\"\/>\n\t<link rel=\"canonical\" href=\"https:\/\/arcoproperties.com\/es\/fotos-del-festival-de-jazz-de-panama-en-casco-viejo\/\" \/>\n\t<meta name=\"generator\" content=\"All in One SEO (AIOSEO) 5.0.0.1\" \/>\n\n\t\t<meta name=\"google-site-verification\" content=\"lVoab7dr0-H97hiVS2gSXkk6A4CcIBqZdyG2d31KUrA\" \/>\n\t\t<meta property=\"og:locale\" content=\"es_ES\" \/>\n\t\t<meta property=\"og:site_name\" content=\"Arco Properties | Real estate brokerage specialized in Panama`s colonial city, Casco Viejo. Residential and Commercial\" \/>\n\t\t<meta property=\"og:type\" content=\"article\" \/>\n\t\t<meta property=\"og:title\" content=\"Fotos del Festival de Jazz de Panam\u00e1 en Casco Viejo | Arco Properties\" \/>\n\t\t<meta property=\"og:url\" content=\"https:\/\/arcoproperties.com\/es\/fotos-del-festival-de-jazz-de-panama-en-casco-viejo\/\" \/>\n\t\t<meta property=\"article:published_time\" content=\"2012-01-23T13:58:34+00:00\" \/>\n\t\t<meta property=\"article:modified_time\" content=\"2012-01-23T13:58:34+00:00\" \/>\n\t\t<meta name=\"twitter:card\" content=\"summary\" \/>\n\t\t<meta name=\"twitter:title\" content=\"Fotos del Festival de Jazz de Panam\u00e1 en Casco Viejo | Arco Properties\" \/>\n\t\t<script type=\"application\/ld+json\" class=\"aioseo-schema\">\n\t\t\t{\"@context\":\"https:\\\/\\\/schema.org\",\"@graph\":[{\"@type\":\"Article\",\"@id\":\"https:\\\/\\\/arcoproperties.com\\\/es\\\/fotos-del-festival-de-jazz-de-panama-en-casco-viejo\\\/#article\",\"name\":\"Fotos del Festival de Jazz de Panam\\u00e1 en Casco Viejo | Arco Properties\",\"headline\":\"Fotos del Festival de Jazz de Panam\\u00e1 en Casco Viejo\",\"author\":{\"@id\":\"https:\\\/\\\/arcoproperties.com\\\/es\\\/author\\\/patrizia\\\/#author\"},\"publisher\":{\"@id\":\"https:\\\/\\\/arcoproperties.com\\\/es\\\/#organization\"},\"image\":{\"@type\":\"ImageObject\",\"url\":\"https:\\\/\\\/arcoproperties.com\\\/wp-content\\\/uploads\\\/2024\\\/11\\\/logo-1.png\",\"@id\":\"https:\\\/\\\/arcoproperties.com\\\/es\\\/#articleImage\",\"width\":401,\"height\":145},\"datePublished\":\"2012-01-23T08:58:34-05:00\",\"dateModified\":\"2012-01-23T08:58:34-05:00\",\"inLanguage\":\"es-ES\",\"mainEntityOfPage\":{\"@id\":\"https:\\\/\\\/arcoproperties.com\\\/es\\\/fotos-del-festival-de-jazz-de-panama-en-casco-viejo\\\/#webpage\"},\"isPartOf\":{\"@id\":\"https:\\\/\\\/arcoproperties.com\\\/es\\\/fotos-del-festival-de-jazz-de-panama-en-casco-viejo\\\/#webpage\"},\"articleSection\":\"Casco Antiguo, Casco Viejo, Eventos Casco Viejo, Panama Jazz Festival, Qu\\u00e9 hacer en Casco Viejo, Qu\\u00e9 hacer en Panam\\u00e1\"},{\"@type\":\"BreadcrumbList\",\"@id\":\"https:\\\/\\\/arcoproperties.com\\\/es\\\/fotos-del-festival-de-jazz-de-panama-en-casco-viejo\\\/#breadcrumblist\",\"itemListElement\":[{\"@type\":\"ListItem\",\"@id\":\"https:\\\/\\\/arcoproperties.com\\\/es\\\/#listItem\",\"position\":1,\"name\":\"Inicio\",\"item\":\"https:\\\/\\\/arcoproperties.com\\\/es\\\/\",\"nextItem\":{\"@type\":\"ListItem\",\"@id\":\"https:\\\/\\\/arcoproperties.com\\\/es\\\/category\\\/casco-antiguo\\\/#listItem\",\"name\":\"Casco Antiguo\"}},{\"@type\":\"ListItem\",\"@id\":\"https:\\\/\\\/arcoproperties.com\\\/es\\\/category\\\/casco-antiguo\\\/#listItem\",\"position\":2,\"name\":\"Casco Antiguo\",\"item\":\"https:\\\/\\\/arcoproperties.com\\\/es\\\/category\\\/casco-antiguo\\\/\",\"nextItem\":{\"@type\":\"ListItem\",\"@id\":\"https:\\\/\\\/arcoproperties.com\\\/es\\\/fotos-del-festival-de-jazz-de-panama-en-casco-viejo\\\/#listItem\",\"name\":\"Fotos del Festival de Jazz de Panam\\u00e1 en Casco Viejo\"},\"previousItem\":{\"@type\":\"ListItem\",\"@id\":\"https:\\\/\\\/arcoproperties.com\\\/es\\\/#listItem\",\"name\":\"Inicio\"}},{\"@type\":\"ListItem\",\"@id\":\"https:\\\/\\\/arcoproperties.com\\\/es\\\/fotos-del-festival-de-jazz-de-panama-en-casco-viejo\\\/#listItem\",\"position\":3,\"name\":\"Fotos del Festival de Jazz de Panam\\u00e1 en Casco Viejo\",\"previousItem\":{\"@type\":\"ListItem\",\"@id\":\"https:\\\/\\\/arcoproperties.com\\\/es\\\/category\\\/casco-antiguo\\\/#listItem\",\"name\":\"Casco Antiguo\"}}]},{\"@type\":\"Organization\",\"@id\":\"https:\\\/\\\/arcoproperties.com\\\/es\\\/#organization\",\"name\":\"Arco Properties\",\"description\":\"Real estate brokerage specialized in Panama`s colonial city, Casco Viejo. Residential and Commercial\",\"url\":\"https:\\\/\\\/arcoproperties.com\\\/es\\\/\",\"logo\":{\"@type\":\"ImageObject\",\"url\":\"https:\\\/\\\/arcoproperties.com\\\/wp-content\\\/uploads\\\/2024\\\/11\\\/logo-1.png\",\"@id\":\"https:\\\/\\\/arcoproperties.com\\\/es\\\/fotos-del-festival-de-jazz-de-panama-en-casco-viejo\\\/#organizationLogo\",\"width\":401,\"height\":145},\"image\":{\"@id\":\"https:\\\/\\\/arcoproperties.com\\\/es\\\/fotos-del-festival-de-jazz-de-panama-en-casco-viejo\\\/#organizationLogo\"}},{\"@type\":\"Person\",\"@id\":\"https:\\\/\\\/arcoproperties.com\\\/es\\\/author\\\/patrizia\\\/#author\",\"url\":\"https:\\\/\\\/arcoproperties.com\\\/es\\\/author\\\/patrizia\\\/\",\"name\":\"patrizia\",\"image\":{\"@type\":\"ImageObject\",\"@id\":\"https:\\\/\\\/arcoproperties.com\\\/es\\\/fotos-del-festival-de-jazz-de-panama-en-casco-viejo\\\/#authorImage\",\"url\":\"https:\\\/\\\/secure.gravatar.com\\\/avatar\\\/0a6490f3ac0b7c0357ef7749f7c09582d8da95e321bc0fe05e8ad313a0c06a8d?s=96&d=mm&r=g\",\"width\":96,\"height\":96,\"caption\":\"patrizia\"}},{\"@type\":\"WebPage\",\"@id\":\"https:\\\/\\\/arcoproperties.com\\\/es\\\/fotos-del-festival-de-jazz-de-panama-en-casco-viejo\\\/#webpage\",\"url\":\"https:\\\/\\\/arcoproperties.com\\\/es\\\/fotos-del-festival-de-jazz-de-panama-en-casco-viejo\\\/\",\"name\":\"Fotos del Festival de Jazz de Panam\\u00e1 en Casco Viejo | Arco Properties\",\"inLanguage\":\"es-ES\",\"isPartOf\":{\"@id\":\"https:\\\/\\\/arcoproperties.com\\\/es\\\/#website\"},\"breadcrumb\":{\"@id\":\"https:\\\/\\\/arcoproperties.com\\\/es\\\/fotos-del-festival-de-jazz-de-panama-en-casco-viejo\\\/#breadcrumblist\"},\"author\":{\"@id\":\"https:\\\/\\\/arcoproperties.com\\\/es\\\/author\\\/patrizia\\\/#author\"},\"creator\":{\"@id\":\"https:\\\/\\\/arcoproperties.com\\\/es\\\/author\\\/patrizia\\\/#author\"},\"datePublished\":\"2012-01-23T08:58:34-05:00\",\"dateModified\":\"2012-01-23T08:58:34-05:00\"},{\"@type\":\"WebSite\",\"@id\":\"https:\\\/\\\/arcoproperties.com\\\/es\\\/#website\",\"url\":\"https:\\\/\\\/arcoproperties.com\\\/es\\\/\",\"name\":\"Arco Properties\",\"description\":\"Real estate brokerage specialized in Panama`s colonial city, Casco Viejo. Residential and Commercial\",\"inLanguage\":\"es-ES\",\"publisher\":{\"@id\":\"https:\\\/\\\/arcoproperties.com\\\/es\\\/#organization\"}}]}\n\t\t<\/script>\n\t\t<!-- All in One SEO -->\n\n","aioseo_head_json":{"title":"Fotos del Festival de Jazz de Panam\u00e1 en Casco Viejo | Arco Properties","description":"","canonical_url":"https:\/\/arcoproperties.com\/es\/fotos-del-festival-de-jazz-de-panama-en-casco-viejo\/","robots":"max-image-preview:large","keywords":"","webmasterTools":{"miscellaneous":"&lt;meta name=\"google-site-verification\" content=\"lVoab7dr0-H97hiVS2gSXkk6A4CcIBqZdyG2d31KUrA\" \/&gt;&nbsp;"},"schema":{"@context":"https:\/\/schema.org","@graph":[{"@type":"Article","@id":"https:\/\/arcoproperties.com\/es\/fotos-del-festival-de-jazz-de-panama-en-casco-viejo\/#article","name":"Fotos del Festival de Jazz de Panam\u00e1 en Casco Viejo | Arco Properties","headline":"Fotos del Festival de Jazz de Panam\u00e1 en Casco Viejo","author":{"@id":"https:\/\/arcoproperties.com\/es\/author\/patrizia\/#author"},"publisher":{"@id":"https:\/\/arcoproperties.com\/es\/#organization"},"image":{"@type":"ImageObject","url":"https:\/\/arcoproperties.com\/wp-content\/uploads\/2024\/11\/logo-1.png","@id":"https:\/\/arcoproperties.com\/es\/#articleImage","width":401,"height":145},"datePublished":"2012-01-23T08:58:34-05:00","dateModified":"2012-01-23T08:58:34-05:00","inLanguage":"es-ES","mainEntityOfPage":{"@id":"https:\/\/arcoproperties.com\/es\/fotos-del-festival-de-jazz-de-panama-en-casco-viejo\/#webpage"},"isPartOf":{"@id":"https:\/\/arcoproperties.com\/es\/fotos-del-festival-de-jazz-de-panama-en-casco-viejo\/#webpage"},"articleSection":"Casco Antiguo, Casco Viejo, Eventos Casco Viejo, Panama Jazz Festival, Qu\u00e9 hacer en Casco Viejo, Qu\u00e9 hacer en Panam\u00e1"},{"@type":"BreadcrumbList","@id":"https:\/\/arcoproperties.com\/es\/fotos-del-festival-de-jazz-de-panama-en-casco-viejo\/#breadcrumblist","itemListElement":[{"@type":"ListItem","@id":"https:\/\/arcoproperties.com\/es\/#listItem","position":1,"name":"Inicio","item":"https:\/\/arcoproperties.com\/es\/","nextItem":{"@type":"ListItem","@id":"https:\/\/arcoproperties.com\/es\/category\/casco-antiguo\/#listItem","name":"Casco Antiguo"}},{"@type":"ListItem","@id":"https:\/\/arcoproperties.com\/es\/category\/casco-antiguo\/#listItem","position":2,"name":"Casco Antiguo","item":"https:\/\/arcoproperties.com\/es\/category\/casco-antiguo\/","nextItem":{"@type":"ListItem","@id":"https:\/\/arcoproperties.com\/es\/fotos-del-festival-de-jazz-de-panama-en-casco-viejo\/#listItem","name":"Fotos del Festival de Jazz de Panam\u00e1 en Casco Viejo"},"previousItem":{"@type":"ListItem","@id":"https:\/\/arcoproperties.com\/es\/#listItem","name":"Inicio"}},{"@type":"ListItem","@id":"https:\/\/arcoproperties.com\/es\/fotos-del-festival-de-jazz-de-panama-en-casco-viejo\/#listItem","position":3,"name":"Fotos del Festival de Jazz de Panam\u00e1 en Casco Viejo","previousItem":{"@type":"ListItem","@id":"https:\/\/arcoproperties.com\/es\/category\/casco-antiguo\/#listItem","name":"Casco Antiguo"}}]},{"@type":"Organization","@id":"https:\/\/arcoproperties.com\/es\/#organization","name":"Arco Properties","description":"Real estate brokerage specialized in Panama`s colonial city, Casco Viejo. Residential and Commercial","url":"https:\/\/arcoproperties.com\/es\/","logo":{"@type":"ImageObject","url":"https:\/\/arcoproperties.com\/wp-content\/uploads\/2024\/11\/logo-1.png","@id":"https:\/\/arcoproperties.com\/es\/fotos-del-festival-de-jazz-de-panama-en-casco-viejo\/#organizationLogo","width":401,"height":145},"image":{"@id":"https:\/\/arcoproperties.com\/es\/fotos-del-festival-de-jazz-de-panama-en-casco-viejo\/#organizationLogo"}},{"@type":"Person","@id":"https:\/\/arcoproperties.com\/es\/author\/patrizia\/#author","url":"https:\/\/arcoproperties.com\/es\/author\/patrizia\/","name":"patrizia","image":{"@type":"ImageObject","@id":"https:\/\/arcoproperties.com\/es\/fotos-del-festival-de-jazz-de-panama-en-casco-viejo\/#authorImage","url":"https:\/\/secure.gravatar.com\/avatar\/0a6490f3ac0b7c0357ef7749f7c09582d8da95e321bc0fe05e8ad313a0c06a8d?s=96&d=mm&r=g","width":96,"height":96,"caption":"patrizia"}},{"@type":"WebPage","@id":"https:\/\/arcoproperties.com\/es\/fotos-del-festival-de-jazz-de-panama-en-casco-viejo\/#webpage","url":"https:\/\/arcoproperties.com\/es\/fotos-del-festival-de-jazz-de-panama-en-casco-viejo\/","name":"Fotos del Festival de Jazz de Panam\u00e1 en Casco Viejo | Arco Properties","inLanguage":"es-ES","isPartOf":{"@id":"https:\/\/arcoproperties.com\/es\/#website"},"breadcrumb":{"@id":"https:\/\/arcoproperties.com\/es\/fotos-del-festival-de-jazz-de-panama-en-casco-viejo\/#breadcrumblist"},"author":{"@id":"https:\/\/arcoproperties.com\/es\/author\/patrizia\/#author"},"creator":{"@id":"https:\/\/arcoproperties.com\/es\/author\/patrizia\/#author"},"datePublished":"2012-01-23T08:58:34-05:00","dateModified":"2012-01-23T08:58:34-05:00"},{"@type":"WebSite","@id":"https:\/\/arcoproperties.com\/es\/#website","url":"https:\/\/arcoproperties.com\/es\/","name":"Arco Properties","description":"Real estate brokerage specialized in Panama`s colonial city, Casco Viejo. Residential and Commercial","inLanguage":"es-ES","publisher":{"@id":"https:\/\/arcoproperties.com\/es\/#organization"}}]},"og:locale":"es_ES","og:site_name":"Arco Properties | Real estate brokerage specialized in Panama`s colonial city, Casco Viejo. Residential and Commercial","og:type":"article","og:title":"Fotos del Festival de Jazz de Panam\u00e1 en Casco Viejo | Arco Properties","og:url":"https:\/\/arcoproperties.com\/es\/fotos-del-festival-de-jazz-de-panama-en-casco-viejo\/","article:published_time":"2012-01-23T13:58:34+00:00","article:modified_time":"2012-01-23T13:58:34+00:00","twitter:card":"summary","twitter:title":"Fotos del Festival de Jazz de Panam\u00e1 en Casco Viejo | Arco Properties"},"aioseo_meta_data":{"post_id":"5568","title":null,"description":null,"keywords":null,"keyphrases":null,"primary_term":null,"canonical_url":null,"og_title":null,"og_description":null,"og_object_type":"default","og_image_type":"default","og_image_url":null,"og_image_width":null,"og_image_height":null,"og_image_custom_url":null,"og_image_custom_fields":null,"og_video":null,"og_custom_url":null,"og_article_section":null,"og_article_tags":null,"twitter_use_og":false,"twitter_card":"default","twitter_image_type":"default","twitter_image_url":null,"twitter_image_custom_url":null,"twitter_image_custom_fields":null,"twitter_title":null,"twitter_description":null,"schema":{"blockGraphs":[],"customGraphs":[],"default":{"data":{"Article":[],"Course":[],"Dataset":[],"FAQPage":[],"Movie":[],"Person":[],"Product":[],"ProductReview":[],"Car":[],"Recipe":[],"Service":[],"SoftwareApplication":[],"WebPage":[]},"graphName":"Article","isEnabled":true},"graphs":[]},"schema_type":null,"schema_type_options":null,"pillar_content":false,"robots_default":true,"robots_noindex":false,"robots_noarchive":false,"robots_nosnippet":false,"robots_nofollow":false,"robots_noimageindex":false,"robots_noodp":false,"robots_notranslate":false,"robots_max_snippet":null,"robots_max_videopreview":null,"robots_max_imagepreview":"large","priority":null,"frequency":null,"local_seo":null,"limit_modified_date":false,"created":"2021-06-17 16:43:19","updated":"2024-11-07 16:41:40","ai":null,"breadcrumb_settings":null,"seo_analyzer_scan_date":null,"focus_keyword":null,"additional_keywords":null,"truseo_locale":null},"aioseo_breadcrumb":"<div class=\"aioseo-breadcrumbs\"><span class=\"aioseo-breadcrumb\">\n\t\t\t<a href=\"https:\/\/arcoproperties.com\/es\/\" title=\"Inicio\">Inicio<\/a>\n\t\t<\/span><span class=\"aioseo-breadcrumb-separator\">&raquo;<\/span><span class=\"aioseo-breadcrumb\">\n\t\t\t<a href=\"https:\/\/arcoproperties.com\/es\/category\/casco-antiguo\/\" title=\"Casco Antiguo\">Casco Antiguo<\/a>\n\t\t<\/span><span class=\"aioseo-breadcrumb-separator\">&raquo;<\/span><span class=\"aioseo-breadcrumb\">\n\t\t\tFotos del Festival de Jazz de Panam\u00e1 en Casco Viejo\n\t\t<\/span><\/div>","aioseo_breadcrumb_json":[{"label":"Inicio","link":"https:\/\/arcoproperties.com\/es\/"},{"label":"Casco Antiguo","link":"https:\/\/arcoproperties.com\/es\/category\/casco-antiguo\/"},{"label":"Fotos del Festival de Jazz de Panam\u00e1 en Casco Viejo","link":"https:\/\/arcoproperties.com\/es\/fotos-del-festival-de-jazz-de-panama-en-casco-viejo\/"}],"_links":{"self":[{"href":"https:\/\/arcoproperties.com\/es\/wp-json\/wp\/v2\/posts\/5568","targetHints":{"allow":["GET"]}}],"collection":[{"href":"https:\/\/arcoproperties.com\/es\/wp-json\/wp\/v2\/posts"}],"about":[{"href":"https:\/\/arcoproperties.com\/es\/wp-json\/wp\/v2\/types\/post"}],"author":[{"embeddable":true,"href":"https:\/\/arcoproperties.com\/es\/wp-json\/wp\/v2\/users\/2"}],"replies":[{"embeddable":true,"href":"https:\/\/arcoproperties.com\/es\/wp-json\/wp\/v2\/comments?post=5568"}],"version-history":[{"count":0,"href":"https:\/\/arcoproperties.com\/es\/wp-json\/wp\/v2\/posts\/5568\/revisions"}],"wp:attachment":[{"href":"https:\/\/arcoproperties.com\/es\/wp-json\/wp\/v2\/media?parent=5568"}],"wp:term":[{"taxonomy":"category","embeddable":true,"href":"https:\/\/arcoproperties.com\/es\/wp-json\/wp\/v2\/categories?post=5568"},{"taxonomy":"post_tag","embeddable":true,"href":"https:\/\/arcoproperties.com\/es\/wp-json\/wp\/v2\/tags?post=5568"}],"curies":[{"name":"wp","href":"https:\/\/api.w.org\/{rel}","templated":true}]}}