{"id":5242,"date":"2011-10-27T10:24:20","date_gmt":"2011-10-27T15:24:20","guid":{"rendered":"http:\/\/arcoproperties.com\/?p=5242"},"modified":"2011-10-27T10:24:20","modified_gmt":"2011-10-27T15:24:20","slug":"festival-internacional-de-cine-se-anuncia-en-las-clementinas","status":"publish","type":"post","link":"https:\/\/arcoproperties.com\/es\/festival-internacional-de-cine-se-anuncia-en-las-clementinas\/","title":{"rendered":"Festival Internacional de Cine se Anuncia en Las Clementinas"},"content":{"rendered":"<div style=\"margin-top: 0px; margin-bottom: 0px;\" class=\"sharethis-inline-share-buttons\" ><\/div><p>Panama Casco Viejo<\/p>\n<p>Anoche, la terraza de\u00a0<a href=\"http:\/\/lasclementinas.com\/\">Las Clementinas<\/a> en Casco Viejo era el lugar para estar. Una noche hermosa, con brisa fresca y un excelente grupo de vecinos del Casco Viejo y due\u00f1os de negocios. Durante el cocktail, pudieron enterarse de lo \u00faltimo con el IFF Panama (International Film Festival Panama), el cual ser\u00e1 celebrado en nuestro pa\u00eds en Abril del 2012.<\/p>\n<p>El organizador del Festival, Henk Van Der Kolk (creador del <a href=\"http:\/\/tiff.net\/thefestival\">Toronto Film Festival)<\/a> anunci\u00f3 que se han asegurado fondos por $1M por parte del gobierno para la realizaci\u00f3n del evento, y abri\u00f3 la oportunidad para la empresa privada e individuos que quieran unirse al programa de patrocinio.\u00a0 El team organizador en Panam\u00e1 incluye a la productora y cineasta <a href=\"http:\/\/www.imdb.com\/name\/nm0650960\/\">Pituka Heilbron<\/a>.\u00a0 Si est\u00e1n interesados en conocer m\u00e1s y participar, no duden en contactarles a: <a href=\"mailto:henk@iffpanama.com\">henk@iffpanama.com<\/a><\/p>\n\n\t\t<style>\n\t\t\t#gallery-1 {\n\t\t\t\tmargin: auto;\n\t\t\t}\n\t\t\t#gallery-1 .gallery-item {\n\t\t\t\tfloat: left;\n\t\t\t\tmargin-top: 10px;\n\t\t\t\ttext-align: center;\n\t\t\t\twidth: 50%;\n\t\t\t}\n\t\t\t#gallery-1 img {\n\t\t\t\tborder: 2px solid #cfcfcf;\n\t\t\t}\n\t\t\t#gallery-1 .gallery-caption {\n\t\t\t\tmargin-left: 0;\n\t\t\t}\n\t\t\t\/* see gallery_shortcode() in wp-includes\/media.php *\/\n\t\t<\/style>\n\t\t<div id='gallery-1' class='gallery galleryid-5242 gallery-columns-2 gallery-size-thumbnail'><dl class='gallery-item'>\n\t\t\t<dt class='gallery-icon landscape'>\n\t\t\t\t<a href='https:\/\/arcoproperties.com\/es\/festival-internacional-de-cine-se-anuncia-en-las-clementinas\/img00113-20111026-1906-2\/'><img loading=\"lazy\" decoding=\"async\" width=\"150\" height=\"150\" src=\"https:\/\/arcoproperties.com\/wp-content\/uploads\/2011\/10\/IMG00113-20111026-19061-150x150.jpg\" class=\"attachment-thumbnail size-thumbnail\" alt=\"\" \/><\/a>\n\t\t\t<\/dt><\/dl><dl class='gallery-item'>\n\t\t\t<dt class='gallery-icon landscape'>\n\t\t\t\t<a href='https:\/\/arcoproperties.com\/es\/festival-internacional-de-cine-se-anuncia-en-las-clementinas\/img00116-20111026-2023-2\/'><img loading=\"lazy\" decoding=\"async\" width=\"150\" height=\"150\" src=\"https:\/\/arcoproperties.com\/wp-content\/uploads\/2011\/10\/IMG00116-20111026-20231-150x150.jpg\" class=\"attachment-thumbnail size-thumbnail\" alt=\"\" \/><\/a>\n\t\t\t<\/dt><\/dl><br style=\"clear: both\" \/>\n\t\t<\/div>\n\n","protected":false},"excerpt":{"rendered":"<p>Panama Casco Viejo Anoche, la terraza de\u00a0Las Clementinas en Casco Viejo era el lugar para estar. Una noche hermosa, con brisa fresca y un excelente grupo de vecinos del Casco Viejo y due\u00f1os de negocios. Durante el cocktail, pudieron enterarse de lo \u00faltimo con el IFF Panama (International Film Festival Panama), el cual ser\u00e1 celebrado [&hellip;]<\/p>\n","protected":false},"author":2,"featured_media":0,"comment_status":"closed","ping_status":"closed","sticky":false,"template":"","format":"standard","meta":{"footnotes":""},"categories":[1],"tags":[301,310],"class_list":["post-5242","post","type-post","status-publish","format-standard","hentry","category-uncategorized","tag-casco-antiguo-panama","tag-casco-viejo-panama"],"aioseo_notices":[],"aioseo_head":"\n\t\t<!-- All in One SEO 5.0.0.1 - aioseo.com -->\n\t<meta name=\"robots\" content=\"max-image-preview:large\" \/>\n\t<meta name=\"author\" content=\"patrizia\"\/>\n\t<link rel=\"canonical\" href=\"https:\/\/arcoproperties.com\/es\/festival-internacional-de-cine-se-anuncia-en-las-clementinas\/\" \/>\n\t<meta name=\"generator\" content=\"All in One SEO (AIOSEO) 5.0.0.1\" \/>\n\n\t\t<meta name=\"google-site-verification\" content=\"lVoab7dr0-H97hiVS2gSXkk6A4CcIBqZdyG2d31KUrA\" \/>\n\t\t<meta property=\"og:locale\" content=\"es_ES\" \/>\n\t\t<meta property=\"og:site_name\" content=\"Arco Properties | Real estate brokerage specialized in Panama`s colonial city, Casco Viejo. Residential and Commercial\" \/>\n\t\t<meta property=\"og:type\" content=\"article\" \/>\n\t\t<meta property=\"og:title\" content=\"Festival Internacional de Cine se Anuncia en Las Clementinas | Arco Properties\" \/>\n\t\t<meta property=\"og:url\" content=\"https:\/\/arcoproperties.com\/es\/festival-internacional-de-cine-se-anuncia-en-las-clementinas\/\" \/>\n\t\t<meta property=\"article:published_time\" content=\"2011-10-27T15:24:20+00:00\" \/>\n\t\t<meta property=\"article:modified_time\" content=\"2011-10-27T15:24:20+00:00\" \/>\n\t\t<meta name=\"twitter:card\" content=\"summary\" \/>\n\t\t<meta name=\"twitter:title\" content=\"Festival Internacional de Cine se Anuncia en Las Clementinas | Arco Properties\" \/>\n\t\t<script type=\"application\/ld+json\" class=\"aioseo-schema\">\n\t\t\t{\"@context\":\"https:\\\/\\\/schema.org\",\"@graph\":[{\"@type\":\"Article\",\"@id\":\"https:\\\/\\\/arcoproperties.com\\\/es\\\/festival-internacional-de-cine-se-anuncia-en-las-clementinas\\\/#article\",\"name\":\"Festival Internacional de Cine se Anuncia en Las Clementinas | Arco Properties\",\"headline\":\"Festival Internacional de Cine se Anuncia en Las Clementinas\",\"author\":{\"@id\":\"https:\\\/\\\/arcoproperties.com\\\/es\\\/author\\\/patrizia\\\/#author\"},\"publisher\":{\"@id\":\"https:\\\/\\\/arcoproperties.com\\\/es\\\/#organization\"},\"image\":{\"@type\":\"ImageObject\",\"url\":\"https:\\\/\\\/arcoproperties.com\\\/wp-content\\\/uploads\\\/2024\\\/11\\\/logo-1.png\",\"@id\":\"https:\\\/\\\/arcoproperties.com\\\/es\\\/#articleImage\",\"width\":401,\"height\":145},\"datePublished\":\"2011-10-27T10:24:20-05:00\",\"dateModified\":\"2011-10-27T10:24:20-05:00\",\"inLanguage\":\"es-ES\",\"mainEntityOfPage\":{\"@id\":\"https:\\\/\\\/arcoproperties.com\\\/es\\\/festival-internacional-de-cine-se-anuncia-en-las-clementinas\\\/#webpage\"},\"isPartOf\":{\"@id\":\"https:\\\/\\\/arcoproperties.com\\\/es\\\/festival-internacional-de-cine-se-anuncia-en-las-clementinas\\\/#webpage\"},\"articleSection\":\"Uncategorized, Casco Antiguo Panama, Casco Viejo Panama\"},{\"@type\":\"BreadcrumbList\",\"@id\":\"https:\\\/\\\/arcoproperties.com\\\/es\\\/festival-internacional-de-cine-se-anuncia-en-las-clementinas\\\/#breadcrumblist\",\"itemListElement\":[{\"@type\":\"ListItem\",\"@id\":\"https:\\\/\\\/arcoproperties.com\\\/es\\\/#listItem\",\"position\":1,\"name\":\"Inicio\",\"item\":\"https:\\\/\\\/arcoproperties.com\\\/es\\\/\",\"nextItem\":{\"@type\":\"ListItem\",\"@id\":\"https:\\\/\\\/arcoproperties.com\\\/category\\\/uncategorized\\\/#listItem\",\"name\":\"Uncategorized\"}},{\"@type\":\"ListItem\",\"@id\":\"https:\\\/\\\/arcoproperties.com\\\/category\\\/uncategorized\\\/#listItem\",\"position\":2,\"name\":\"Uncategorized\",\"item\":\"https:\\\/\\\/arcoproperties.com\\\/category\\\/uncategorized\\\/\",\"nextItem\":{\"@type\":\"ListItem\",\"@id\":\"https:\\\/\\\/arcoproperties.com\\\/es\\\/festival-internacional-de-cine-se-anuncia-en-las-clementinas\\\/#listItem\",\"name\":\"Festival Internacional de Cine se Anuncia en Las Clementinas\"},\"previousItem\":{\"@type\":\"ListItem\",\"@id\":\"https:\\\/\\\/arcoproperties.com\\\/es\\\/#listItem\",\"name\":\"Inicio\"}},{\"@type\":\"ListItem\",\"@id\":\"https:\\\/\\\/arcoproperties.com\\\/es\\\/festival-internacional-de-cine-se-anuncia-en-las-clementinas\\\/#listItem\",\"position\":3,\"name\":\"Festival Internacional de Cine se Anuncia en Las Clementinas\",\"previousItem\":{\"@type\":\"ListItem\",\"@id\":\"https:\\\/\\\/arcoproperties.com\\\/category\\\/uncategorized\\\/#listItem\",\"name\":\"Uncategorized\"}}]},{\"@type\":\"Organization\",\"@id\":\"https:\\\/\\\/arcoproperties.com\\\/es\\\/#organization\",\"name\":\"Arco Properties\",\"description\":\"Real estate brokerage specialized in Panama`s colonial city, Casco Viejo. Residential and Commercial\",\"url\":\"https:\\\/\\\/arcoproperties.com\\\/es\\\/\",\"logo\":{\"@type\":\"ImageObject\",\"url\":\"https:\\\/\\\/arcoproperties.com\\\/wp-content\\\/uploads\\\/2024\\\/11\\\/logo-1.png\",\"@id\":\"https:\\\/\\\/arcoproperties.com\\\/es\\\/festival-internacional-de-cine-se-anuncia-en-las-clementinas\\\/#organizationLogo\",\"width\":401,\"height\":145},\"image\":{\"@id\":\"https:\\\/\\\/arcoproperties.com\\\/es\\\/festival-internacional-de-cine-se-anuncia-en-las-clementinas\\\/#organizationLogo\"}},{\"@type\":\"Person\",\"@id\":\"https:\\\/\\\/arcoproperties.com\\\/es\\\/author\\\/patrizia\\\/#author\",\"url\":\"https:\\\/\\\/arcoproperties.com\\\/es\\\/author\\\/patrizia\\\/\",\"name\":\"patrizia\",\"image\":{\"@type\":\"ImageObject\",\"@id\":\"https:\\\/\\\/arcoproperties.com\\\/es\\\/festival-internacional-de-cine-se-anuncia-en-las-clementinas\\\/#authorImage\",\"url\":\"https:\\\/\\\/secure.gravatar.com\\\/avatar\\\/0a6490f3ac0b7c0357ef7749f7c09582d8da95e321bc0fe05e8ad313a0c06a8d?s=96&d=mm&r=g\",\"width\":96,\"height\":96,\"caption\":\"patrizia\"}},{\"@type\":\"WebPage\",\"@id\":\"https:\\\/\\\/arcoproperties.com\\\/es\\\/festival-internacional-de-cine-se-anuncia-en-las-clementinas\\\/#webpage\",\"url\":\"https:\\\/\\\/arcoproperties.com\\\/es\\\/festival-internacional-de-cine-se-anuncia-en-las-clementinas\\\/\",\"name\":\"Festival Internacional de Cine se Anuncia en Las Clementinas | Arco Properties\",\"inLanguage\":\"es-ES\",\"isPartOf\":{\"@id\":\"https:\\\/\\\/arcoproperties.com\\\/es\\\/#website\"},\"breadcrumb\":{\"@id\":\"https:\\\/\\\/arcoproperties.com\\\/es\\\/festival-internacional-de-cine-se-anuncia-en-las-clementinas\\\/#breadcrumblist\"},\"author\":{\"@id\":\"https:\\\/\\\/arcoproperties.com\\\/es\\\/author\\\/patrizia\\\/#author\"},\"creator\":{\"@id\":\"https:\\\/\\\/arcoproperties.com\\\/es\\\/author\\\/patrizia\\\/#author\"},\"datePublished\":\"2011-10-27T10:24:20-05:00\",\"dateModified\":\"2011-10-27T10:24:20-05:00\"},{\"@type\":\"WebSite\",\"@id\":\"https:\\\/\\\/arcoproperties.com\\\/es\\\/#website\",\"url\":\"https:\\\/\\\/arcoproperties.com\\\/es\\\/\",\"name\":\"Arco Properties\",\"description\":\"Real estate brokerage specialized in Panama`s colonial city, Casco Viejo. Residential and Commercial\",\"inLanguage\":\"es-ES\",\"publisher\":{\"@id\":\"https:\\\/\\\/arcoproperties.com\\\/es\\\/#organization\"}}]}\n\t\t<\/script>\n\t\t<!-- All in One SEO -->\n\n","aioseo_head_json":{"title":"Festival Internacional de Cine se Anuncia en Las Clementinas | Arco Properties","description":"","canonical_url":"https:\/\/arcoproperties.com\/es\/festival-internacional-de-cine-se-anuncia-en-las-clementinas\/","robots":"max-image-preview:large","keywords":"","webmasterTools":{"miscellaneous":"&lt;meta name=\"google-site-verification\" content=\"lVoab7dr0-H97hiVS2gSXkk6A4CcIBqZdyG2d31KUrA\" \/&gt;&nbsp;"},"schema":{"@context":"https:\/\/schema.org","@graph":[{"@type":"Article","@id":"https:\/\/arcoproperties.com\/es\/festival-internacional-de-cine-se-anuncia-en-las-clementinas\/#article","name":"Festival Internacional de Cine se Anuncia en Las Clementinas | Arco Properties","headline":"Festival Internacional de Cine se Anuncia en Las Clementinas","author":{"@id":"https:\/\/arcoproperties.com\/es\/author\/patrizia\/#author"},"publisher":{"@id":"https:\/\/arcoproperties.com\/es\/#organization"},"image":{"@type":"ImageObject","url":"https:\/\/arcoproperties.com\/wp-content\/uploads\/2024\/11\/logo-1.png","@id":"https:\/\/arcoproperties.com\/es\/#articleImage","width":401,"height":145},"datePublished":"2011-10-27T10:24:20-05:00","dateModified":"2011-10-27T10:24:20-05:00","inLanguage":"es-ES","mainEntityOfPage":{"@id":"https:\/\/arcoproperties.com\/es\/festival-internacional-de-cine-se-anuncia-en-las-clementinas\/#webpage"},"isPartOf":{"@id":"https:\/\/arcoproperties.com\/es\/festival-internacional-de-cine-se-anuncia-en-las-clementinas\/#webpage"},"articleSection":"Uncategorized, Casco Antiguo Panama, Casco Viejo Panama"},{"@type":"BreadcrumbList","@id":"https:\/\/arcoproperties.com\/es\/festival-internacional-de-cine-se-anuncia-en-las-clementinas\/#breadcrumblist","itemListElement":[{"@type":"ListItem","@id":"https:\/\/arcoproperties.com\/es\/#listItem","position":1,"name":"Inicio","item":"https:\/\/arcoproperties.com\/es\/","nextItem":{"@type":"ListItem","@id":"https:\/\/arcoproperties.com\/category\/uncategorized\/#listItem","name":"Uncategorized"}},{"@type":"ListItem","@id":"https:\/\/arcoproperties.com\/category\/uncategorized\/#listItem","position":2,"name":"Uncategorized","item":"https:\/\/arcoproperties.com\/category\/uncategorized\/","nextItem":{"@type":"ListItem","@id":"https:\/\/arcoproperties.com\/es\/festival-internacional-de-cine-se-anuncia-en-las-clementinas\/#listItem","name":"Festival Internacional de Cine se Anuncia en Las Clementinas"},"previousItem":{"@type":"ListItem","@id":"https:\/\/arcoproperties.com\/es\/#listItem","name":"Inicio"}},{"@type":"ListItem","@id":"https:\/\/arcoproperties.com\/es\/festival-internacional-de-cine-se-anuncia-en-las-clementinas\/#listItem","position":3,"name":"Festival Internacional de Cine se Anuncia en Las Clementinas","previousItem":{"@type":"ListItem","@id":"https:\/\/arcoproperties.com\/category\/uncategorized\/#listItem","name":"Uncategorized"}}]},{"@type":"Organization","@id":"https:\/\/arcoproperties.com\/es\/#organization","name":"Arco Properties","description":"Real estate brokerage specialized in Panama`s colonial city, Casco Viejo. Residential and Commercial","url":"https:\/\/arcoproperties.com\/es\/","logo":{"@type":"ImageObject","url":"https:\/\/arcoproperties.com\/wp-content\/uploads\/2024\/11\/logo-1.png","@id":"https:\/\/arcoproperties.com\/es\/festival-internacional-de-cine-se-anuncia-en-las-clementinas\/#organizationLogo","width":401,"height":145},"image":{"@id":"https:\/\/arcoproperties.com\/es\/festival-internacional-de-cine-se-anuncia-en-las-clementinas\/#organizationLogo"}},{"@type":"Person","@id":"https:\/\/arcoproperties.com\/es\/author\/patrizia\/#author","url":"https:\/\/arcoproperties.com\/es\/author\/patrizia\/","name":"patrizia","image":{"@type":"ImageObject","@id":"https:\/\/arcoproperties.com\/es\/festival-internacional-de-cine-se-anuncia-en-las-clementinas\/#authorImage","url":"https:\/\/secure.gravatar.com\/avatar\/0a6490f3ac0b7c0357ef7749f7c09582d8da95e321bc0fe05e8ad313a0c06a8d?s=96&d=mm&r=g","width":96,"height":96,"caption":"patrizia"}},{"@type":"WebPage","@id":"https:\/\/arcoproperties.com\/es\/festival-internacional-de-cine-se-anuncia-en-las-clementinas\/#webpage","url":"https:\/\/arcoproperties.com\/es\/festival-internacional-de-cine-se-anuncia-en-las-clementinas\/","name":"Festival Internacional de Cine se Anuncia en Las Clementinas | Arco Properties","inLanguage":"es-ES","isPartOf":{"@id":"https:\/\/arcoproperties.com\/es\/#website"},"breadcrumb":{"@id":"https:\/\/arcoproperties.com\/es\/festival-internacional-de-cine-se-anuncia-en-las-clementinas\/#breadcrumblist"},"author":{"@id":"https:\/\/arcoproperties.com\/es\/author\/patrizia\/#author"},"creator":{"@id":"https:\/\/arcoproperties.com\/es\/author\/patrizia\/#author"},"datePublished":"2011-10-27T10:24:20-05:00","dateModified":"2011-10-27T10:24:20-05:00"},{"@type":"WebSite","@id":"https:\/\/arcoproperties.com\/es\/#website","url":"https:\/\/arcoproperties.com\/es\/","name":"Arco Properties","description":"Real estate brokerage specialized in Panama`s colonial city, Casco Viejo. Residential and Commercial","inLanguage":"es-ES","publisher":{"@id":"https:\/\/arcoproperties.com\/es\/#organization"}}]},"og:locale":"es_ES","og:site_name":"Arco Properties | Real estate brokerage specialized in Panama`s colonial city, Casco Viejo. Residential and Commercial","og:type":"article","og:title":"Festival Internacional de Cine se Anuncia en Las Clementinas | Arco Properties","og:url":"https:\/\/arcoproperties.com\/es\/festival-internacional-de-cine-se-anuncia-en-las-clementinas\/","article:published_time":"2011-10-27T15:24:20+00:00","article:modified_time":"2011-10-27T15:24:20+00:00","twitter:card":"summary","twitter:title":"Festival Internacional de Cine se Anuncia en Las Clementinas | Arco Properties"},"aioseo_meta_data":{"post_id":"5242","title":null,"description":null,"keywords":null,"keyphrases":null,"primary_term":null,"canonical_url":null,"og_title":null,"og_description":null,"og_object_type":"default","og_image_type":"default","og_image_url":null,"og_image_width":null,"og_image_height":null,"og_image_custom_url":null,"og_image_custom_fields":null,"og_video":null,"og_custom_url":null,"og_article_section":null,"og_article_tags":null,"twitter_use_og":false,"twitter_card":"default","twitter_image_type":"default","twitter_image_url":null,"twitter_image_custom_url":null,"twitter_image_custom_fields":null,"twitter_title":null,"twitter_description":null,"schema":{"blockGraphs":[],"customGraphs":[],"default":{"data":{"Article":[],"Course":[],"Dataset":[],"FAQPage":[],"Movie":[],"Person":[],"Product":[],"ProductReview":[],"Car":[],"Recipe":[],"Service":[],"SoftwareApplication":[],"WebPage":[]},"graphName":"Article","isEnabled":true},"graphs":[]},"schema_type":null,"schema_type_options":null,"pillar_content":false,"robots_default":true,"robots_noindex":false,"robots_noarchive":false,"robots_nosnippet":false,"robots_nofollow":false,"robots_noimageindex":false,"robots_noodp":false,"robots_notranslate":false,"robots_max_snippet":null,"robots_max_videopreview":null,"robots_max_imagepreview":"large","priority":null,"frequency":null,"local_seo":null,"limit_modified_date":false,"created":"2021-06-17 16:37:19","updated":"2024-11-07 16:28:14","ai":null,"breadcrumb_settings":null,"seo_analyzer_scan_date":null,"focus_keyword":null,"additional_keywords":null,"truseo_locale":null},"aioseo_breadcrumb":"<div class=\"aioseo-breadcrumbs\"><span class=\"aioseo-breadcrumb\">\n\t\t\t<a href=\"https:\/\/arcoproperties.com\/es\/\" title=\"Inicio\">Inicio<\/a>\n\t\t<\/span><span class=\"aioseo-breadcrumb-separator\">&raquo;<\/span><span class=\"aioseo-breadcrumb\">\n\t\t\t<a href=\"https:\/\/arcoproperties.com\/category\/uncategorized\/\" title=\"Uncategorized\">Uncategorized<\/a>\n\t\t<\/span><span class=\"aioseo-breadcrumb-separator\">&raquo;<\/span><span class=\"aioseo-breadcrumb\">\n\t\t\tFestival Internacional de Cine se Anuncia en Las Clementinas\n\t\t<\/span><\/div>","aioseo_breadcrumb_json":[{"label":"Inicio","link":"https:\/\/arcoproperties.com\/es\/"},{"label":"Uncategorized","link":"https:\/\/arcoproperties.com\/category\/uncategorized\/"},{"label":"Festival Internacional de Cine se Anuncia en Las Clementinas","link":"https:\/\/arcoproperties.com\/es\/festival-internacional-de-cine-se-anuncia-en-las-clementinas\/"}],"_links":{"self":[{"href":"https:\/\/arcoproperties.com\/es\/wp-json\/wp\/v2\/posts\/5242","targetHints":{"allow":["GET"]}}],"collection":[{"href":"https:\/\/arcoproperties.com\/es\/wp-json\/wp\/v2\/posts"}],"about":[{"href":"https:\/\/arcoproperties.com\/es\/wp-json\/wp\/v2\/types\/post"}],"author":[{"embeddable":true,"href":"https:\/\/arcoproperties.com\/es\/wp-json\/wp\/v2\/users\/2"}],"replies":[{"embeddable":true,"href":"https:\/\/arcoproperties.com\/es\/wp-json\/wp\/v2\/comments?post=5242"}],"version-history":[{"count":0,"href":"https:\/\/arcoproperties.com\/es\/wp-json\/wp\/v2\/posts\/5242\/revisions"}],"wp:attachment":[{"href":"https:\/\/arcoproperties.com\/es\/wp-json\/wp\/v2\/media?parent=5242"}],"wp:term":[{"taxonomy":"category","embeddable":true,"href":"https:\/\/arcoproperties.com\/es\/wp-json\/wp\/v2\/categories?post=5242"},{"taxonomy":"post_tag","embeddable":true,"href":"https:\/\/arcoproperties.com\/es\/wp-json\/wp\/v2\/tags?post=5242"}],"curies":[{"name":"wp","href":"https:\/\/api.w.org\/{rel}","templated":true}]}}