{"id":20116,"date":"2025-09-25T12:24:13","date_gmt":"2025-09-25T17:24:13","guid":{"rendered":"https:\/\/arcoproperties.com\/?p=20116"},"modified":"2025-09-25T12:24:13","modified_gmt":"2025-09-25T17:24:13","slug":"lo-mejor-de-dos-mundos-la-central-city-flats-club","status":"publish","type":"post","link":"https:\/\/arcoproperties.com\/es\/lo-mejor-de-dos-mundos-la-central-city-flats-club\/","title":{"rendered":"Lo mejor de dos mundos: La Central &#8211; City Flats &#038; Club"},"content":{"rendered":"<div style=\"margin-top: 0px; margin-bottom: 0px;\" class=\"sharethis-inline-share-buttons\" ><\/div><p><span style=\"font-weight: 400; color: #000000;\">Si has estado siguiendo nuestras redes sociales, suscrito a nuestro newsletter o simplemente recibes nuestros correos, es probable que ya supieras que <strong>algo grande <\/strong>se avecinaba en Panam\u00e1.<\/span><\/p>\n<p><span style=\"font-weight: 400; color: #000000;\">\u00bfPero de qu\u00e9 se trataba? El pasado 3 de septiembre lo revelamos ante los curiosos ojos de decenas de invitados reunidos en Kanibal, y ahora te traemos un exclusivo recorrido de lo que fue esa velada.<\/span><\/p>\n<p><span style=\"color: #000000;\"><span style=\"font-weight: 400;\">Entre m\u00fasica en vivo, c\u00f3cteles y delicias gastron\u00f3micas, Patrizia Pinz\u00f3n present\u00f3 <\/span><span style=\"font-weight: 400;\"><strong>La Central &#8211; City Flats &amp; Club<\/strong>: una propuesta que renovar\u00e1 el paisaje urbano de la ciudad y crear\u00e1 una conexi\u00f3n \u00fanica entre la moderna Ciudad de Panam\u00e1 y el distrito hist\u00f3rico.<\/span><\/span><\/p>\n<p><img loading=\"lazy\" decoding=\"async\" class=\"alignnone wp-image-20121\" src=\"https:\/\/arcoproperties.com\/wp-content\/uploads\/2025\/09\/GC-2-300x225.jpeg\" alt=\"\" width=\"867\" height=\"650\" srcset=\"https:\/\/arcoproperties.com\/wp-content\/uploads\/2025\/09\/GC-2-300x225.jpeg 300w, https:\/\/arcoproperties.com\/wp-content\/uploads\/2025\/09\/GC-2-150x113.jpeg 150w, https:\/\/arcoproperties.com\/wp-content\/uploads\/2025\/09\/GC-2-82x60.jpeg 82w, https:\/\/arcoproperties.com\/wp-content\/uploads\/2025\/09\/GC-2.jpeg 750w\" sizes=\"auto, (max-width: 867px) 100vw, 867px\" \/><\/p>\n<p><span style=\"font-weight: 400; color: #000000;\">Detr\u00e1s de este desarrollo est\u00e1n los expertos en la revitalizaci\u00f3n de <strong>Casco Viejo<\/strong>: Conservatorio S.A., responsables de la reconstrucci\u00f3n y creaci\u00f3n de emblem\u00e1ticos edificios residenciales como <strong>Santa Familia, Casa Korsi<\/strong>, La Manzana y entre hoteleros podemos mencionar <strong>The American Trade Hotel<\/strong> y las Clementinas.<\/span><\/p>\n<p><span style=\"font-weight: 400; color: #000000;\">As\u00ed que, mientras la m\u00fasica ambientaba el lugar, los invitados pudieron recorrer el sal\u00f3n y descubrir de primera mano las cualidades que har\u00e1n de <strong>La Central un referente de vida en el distrito hist\u00f3rico.<\/strong><\/span><\/p>\n<p><span style=\"font-weight: 400; color: #000000;\">Adem\u00e1s, a trav\u00e9s de pantallas t\u00e1ctiles, interactuaron con los renders y visualizaron al detalle cada espacio.\u00a0<\/span><\/p>\n<p><img loading=\"lazy\" decoding=\"async\" class=\"alignnone wp-image-20117\" src=\"https:\/\/arcoproperties.com\/wp-content\/uploads\/2025\/09\/GC-1-300x225.jpeg\" alt=\"\" width=\"867\" height=\"650\" srcset=\"https:\/\/arcoproperties.com\/wp-content\/uploads\/2025\/09\/GC-1-300x225.jpeg 300w, https:\/\/arcoproperties.com\/wp-content\/uploads\/2025\/09\/GC-1-150x113.jpeg 150w, https:\/\/arcoproperties.com\/wp-content\/uploads\/2025\/09\/GC-1-82x60.jpeg 82w, https:\/\/arcoproperties.com\/wp-content\/uploads\/2025\/09\/GC-1.jpeg 750w\" sizes=\"auto, (max-width: 867px) 100vw, 867px\" \/><\/p>\n<p><span style=\"font-weight: 400; color: #000000;\">Con amenities enfocadas en el bienestar y 128 unidades (de 1 o 2 dormitorios), La Central no ser\u00e1 solo una residencia, sino tambi\u00e9n un apart-hotel con administraci\u00f3n propia. <strong>Esto permitir\u00e1 a los propietarios alquilar sus apartamentos cuando no los usen<\/strong>, convirti\u00e9ndose en la oportunidad ideal para quienes residen a tiempo parcial en Panam\u00e1.<\/span><\/p>\n<p><span style=\"font-weight: 400; color: #000000;\">Durante la presentaci\u00f3n oficial, los asistentes tuvieron acceso a precios exclusivos y la oportunidad de elegir su unidad favorita. Una ventaja que todav\u00eda est\u00e1 disponible si nos contactas hoy.<\/span><\/p>\n<p>&nbsp;<\/p>\n<p><br style=\"font-weight: 400;\" \/><br style=\"font-weight: 400;\" \/><\/p>\n","protected":false},"excerpt":{"rendered":"<p>Si has estado siguiendo nuestras redes sociales, suscrito a nuestro newsletter o simplemente recibes nuestros correos, es probable que ya supieras que algo grande se avecinaba en Panam\u00e1. \u00bfPero de qu\u00e9 se trataba? El pasado 3 de septiembre lo revelamos ante los curiosos ojos de decenas de invitados reunidos en Kanibal, y ahora te traemos [&hellip;]<\/p>\n","protected":false},"author":28,"featured_media":20123,"comment_status":"open","ping_status":"closed","sticky":false,"template":"","format":"standard","meta":{"footnotes":""},"categories":[],"tags":[],"class_list":["post-20116","post","type-post","status-publish","format-standard","has-post-thumbnail","hentry"],"aioseo_notices":[],"_links":{"self":[{"href":"https:\/\/arcoproperties.com\/es\/wp-json\/wp\/v2\/posts\/20116","targetHints":{"allow":["GET"]}}],"collection":[{"href":"https:\/\/arcoproperties.com\/es\/wp-json\/wp\/v2\/posts"}],"about":[{"href":"https:\/\/arcoproperties.com\/es\/wp-json\/wp\/v2\/types\/post"}],"author":[{"embeddable":true,"href":"https:\/\/arcoproperties.com\/es\/wp-json\/wp\/v2\/users\/28"}],"replies":[{"embeddable":true,"href":"https:\/\/arcoproperties.com\/es\/wp-json\/wp\/v2\/comments?post=20116"}],"version-history":[{"count":0,"href":"https:\/\/arcoproperties.com\/es\/wp-json\/wp\/v2\/posts\/20116\/revisions"}],"wp:featuredmedia":[{"embeddable":true,"href":"https:\/\/arcoproperties.com\/es\/wp-json\/wp\/v2\/media\/20123"}],"wp:attachment":[{"href":"https:\/\/arcoproperties.com\/es\/wp-json\/wp\/v2\/media?parent=20116"}],"wp:term":[{"taxonomy":"category","embeddable":true,"href":"https:\/\/arcoproperties.com\/es\/wp-json\/wp\/v2\/categories?post=20116"},{"taxonomy":"post_tag","embeddable":true,"href":"https:\/\/arcoproperties.com\/es\/wp-json\/wp\/v2\/tags?post=20116"}],"curies":[{"name":"wp","href":"https:\/\/api.w.org\/{rel}","templated":true}]}}