{"id":14205,"date":"2020-05-03T18:29:07","date_gmt":"2020-05-03T23:29:07","guid":{"rendered":"http:\/\/arcoproperties.com\/?p=14205\/"},"modified":"2020-05-03T18:29:07","modified_gmt":"2020-05-03T23:29:07","slug":"naturalmente-santa-ana-la-experiencia-del-diseno-de-casa-balcones-casa-korsi-casa-quijano-y-la-manzana","status":"publish","type":"post","link":"https:\/\/arcoproperties.com\/es\/naturalmente-santa-ana-la-experiencia-del-diseno-de-casa-balcones-casa-korsi-casa-quijano-y-la-manzana\/","title":{"rendered":"Naturalmente Santa Ana: La experiencia del dise\u00f1o de Casa Balcones, Casa Korsi, Casa Quijano y La Manzana."},"content":{"rendered":"<div style=\"margin-top: 0px; margin-bottom: 0px;\" class=\"sharethis-inline-share-buttons\" ><\/div><p>Panam\u00e1, Casco Viejo, Casco Antiguo, Santa Ana<\/p>\n<p>&nbsp;<\/p>\n<p><strong>El Sutil Poder de la Armon\u00eda<\/strong><\/p>\n<p>Me lo han dicho muchos artistas, desde escritores y pintores hasta arquitectos: no hay nada m\u00e1s dif\u00edcil que empezar con un canvas en blanco. \u00a0En Casco Viejo, donde las restauraciones en su gran mayor\u00eda inician con un edificio existente (en ruinas, pero con fachada y elementos que te van guiando, te van \u201chablando\u201d), iniciar desde un lote bald\u00edo en un contexto hist\u00f3rico es un gran reto.\u00a0 Primero, y el m\u00e1s importante, es que existe un entorno al que hay que respetar. Luego, sumemos que en el Casco hay normativas estrictas que dictan par\u00e1metros relacionados con b\u00e1sicamente todo: categorizaci\u00f3n hist\u00f3rica del inmueble, tama\u00f1os de puertas y vanos, materiales, un sin n\u00famero de cosas que son tomadas en cuenta y que dan como resultado lo que al final disfrutamos al visitar y vivir el Casco en su conjunto. Es un tema ultra complejo y que toma much\u00edsimo tiempo a todos los involucrados \u201cafinar el o\u00eddo\u201d. Enfrentar el dise\u00f1o y restauraci\u00f3n de un edificio hist\u00f3rico con arrogancia es perder desde el principio! Una casa hist\u00f3rica te dir\u00e1 qui\u00e9n es y qu\u00e9 quiere ser. Tu \u00fanica opci\u00f3n es escuchar y adaptarte, utilizando todo tu talento. Y aun as\u00ed, incluso con esa \u201ccamisa de fuerza\u201d, muchos prefieren iniciar con un edificio existente, por dif\u00edcil que sea! Ahora imag\u00ednense revitalizar tres cuadras de lotes bald\u00edos detr\u00e1s de una plaza hist\u00f3rica como la Plaza Santa Ana.<\/p>\n<p>Y es que no se trata solamente de un tema de c\u00f3mo vamos a dise\u00f1ar los edificios individuales. Santa Ana tiene un car\u00e1cter distinto (e igualmente hist\u00f3rico) que San Felipe.\u00a0 Para saber m\u00e1s de c\u00f3mo fue el proceso de dise\u00f1o de Casa Balcones, La Manzana, Casa Quijano y Casa Korsi, conversamos la semana pasada con el arquitecto <a href=\"https:\/\/www.linkedin.com\/in\/ricardo-arosemena-26ba9052\/\">Ricardo Arosemena<\/a>, responsable de estos proyectos.<\/p>\n<p>Lo primero que me llam\u00f3 la atenci\u00f3n fue lo que me cont\u00f3 de sus impresiones sobre el barrio de Santa Ana, desde el punto de vista de su arquitectura y trazado. Arquitect\u00f3nicamente, me cuenta, es diferente al barrio de San Felipe. Tiene calles m\u00e1s anchas, edificios de principios de siglo. Es mucho m\u00e1s ecl\u00e9ctico. La meta era lograr que lo que se dise\u00f1ara hablara el mismo idioma, que se sintiera naturalmente del sitio. Que las personas que han vivido la zona en sus distintas \u00e9pocas encontraran en sus dise\u00f1os elementos que recordaran con cari\u00f1o, pero que al mismo tiempo se adaptara a las necesidades actuales. \u00a0Y que el conjunto funcionara precisamente como eso: como un conjunto, no como objetos individuales, sino como una calle, con un sentido de barrio.<\/p>\n<p>El dise\u00f1o de la esquina de Korsi, con su fachada rom\u00e1ntica, y su esquina que da inicio a una calle entera llena de balcones que va hilvan\u00e1ndolos a todos (Patterson, Balcones, Quijano), terminando en Manzana, est\u00e1 hecho con el gran poder que s\u00f3lo da la sutileza. El objetivo lejos de romper con el \u00e1rea, fue m\u00e1s bien abrazarla, destacar con cari\u00f1o lo mejor de ella, y desde esas tres manzanas ir re conectando \u00e9pocas, memorias e historias de todos hasta lograr un axis que fuera desde los Bomberos \u00a0hasta la Iglesia de Santa Ana.\u00a0 Que los dise\u00f1os, al mismo tiempo, se sintieran tan propios del sitio y de esa calle, que no pudiesen estar en ning\u00fan otro barrio o calle de Panam\u00e1. Que al verlos la gente los reconociera y entendiera de inmediato que eran de ah\u00ed, de Santa Ana. Y que en cien a\u00f1os, la gente pudiera decir sobre ellos con orgullo: ah! Nombe! Si eso tiene toda la vida de estar ah\u00ed!<\/p>\n<p><img loading=\"lazy\" decoding=\"async\" class=\"alignnone size-medium wp-image-14207\" src=\"http:\/\/arcoproperties.com\/wp-content\/uploads\/2020\/05\/casa-Korsi-Patio-300x300.jpg\" alt=\"\" width=\"300\" height=\"300\" srcset=\"https:\/\/arcoproperties.com\/wp-content\/uploads\/2020\/05\/casa-Korsi-Patio-300x300.jpg 300w, https:\/\/arcoproperties.com\/wp-content\/uploads\/2020\/05\/casa-Korsi-Patio-150x150.jpg 150w, https:\/\/arcoproperties.com\/wp-content\/uploads\/2020\/05\/casa-Korsi-Patio-768x768.jpg 768w, https:\/\/arcoproperties.com\/wp-content\/uploads\/2020\/05\/casa-Korsi-Patio-1024x1024.jpg 1024w\" sizes=\"auto, (max-width: 300px) 100vw, 300px\" \/> <img loading=\"lazy\" decoding=\"async\" class=\"alignnone size-medium wp-image-14209\" src=\"http:\/\/arcoproperties.com\/wp-content\/uploads\/2020\/05\/Casa-Korsi-Santa-Ana-267x300.jpg\" alt=\"\" width=\"267\" height=\"300\" srcset=\"https:\/\/arcoproperties.com\/wp-content\/uploads\/2020\/05\/Casa-Korsi-Santa-Ana-267x300.jpg 267w, https:\/\/arcoproperties.com\/wp-content\/uploads\/2020\/05\/Casa-Korsi-Santa-Ana-768x861.jpg 768w, https:\/\/arcoproperties.com\/wp-content\/uploads\/2020\/05\/Casa-Korsi-Santa-Ana-913x1024.jpg 913w, https:\/\/arcoproperties.com\/wp-content\/uploads\/2020\/05\/Casa-Korsi-Santa-Ana.jpg 1200w\" sizes=\"auto, (max-width: 267px) 100vw, 267px\" \/> <img loading=\"lazy\" decoding=\"async\" class=\"alignnone  wp-image-14211\" src=\"http:\/\/arcoproperties.com\/wp-content\/uploads\/2020\/05\/Casa-Quijano-Fachada-300x270.jpg\" alt=\"\" width=\"333\" height=\"300\" srcset=\"https:\/\/arcoproperties.com\/wp-content\/uploads\/2020\/05\/Casa-Quijano-Fachada-300x270.jpg 300w, https:\/\/arcoproperties.com\/wp-content\/uploads\/2020\/05\/Casa-Quijano-Fachada-768x692.jpg 768w, https:\/\/arcoproperties.com\/wp-content\/uploads\/2020\/05\/Casa-Quijano-Fachada-1024x923.jpg 1024w, https:\/\/arcoproperties.com\/wp-content\/uploads\/2020\/05\/Casa-Quijano-Fachada.jpg 1201w\" sizes=\"auto, (max-width: 333px) 100vw, 333px\" \/> <img loading=\"lazy\" decoding=\"async\" class=\"alignnone  wp-image-14213\" src=\"http:\/\/arcoproperties.com\/wp-content\/uploads\/2020\/05\/La-Quince-Calle-300x225.png\" alt=\"\" width=\"387\" height=\"290\" srcset=\"https:\/\/arcoproperties.com\/wp-content\/uploads\/2020\/05\/La-Quince-Calle-300x225.png 300w, https:\/\/arcoproperties.com\/wp-content\/uploads\/2020\/05\/La-Quince-Calle.png 700w\" sizes=\"auto, (max-width: 387px) 100vw, 387px\" \/><\/p>\n","protected":false},"excerpt":{"rendered":"<p>Panam\u00e1, Casco Viejo, Casco Antiguo, Santa Ana &nbsp; El Sutil Poder de la Armon\u00eda Me lo han dicho muchos artistas, desde escritores y pintores hasta arquitectos: no hay nada m\u00e1s dif\u00edcil que empezar con un canvas en blanco. \u00a0En Casco Viejo, donde las restauraciones en su gran mayor\u00eda inician con un edificio existente (en ruinas, [&hellip;]<\/p>\n","protected":false},"author":5,"featured_media":14207,"comment_status":"open","ping_status":"closed","sticky":false,"template":"","format":"standard","meta":{"footnotes":""},"categories":[156,877,1150],"tags":[1145,430,431,1153],"class_list":["post-14205","post","type-post","status-publish","format-standard","has-post-thumbnail","hentry","category-casco-antiguo","category-casco-viejo-casco-antiguo","category-panama-casco-viejo","tag-casco-viejo-santa-ana","tag-panama-casco-antiguo","tag-panama-casco-viejo","tag-panama-santa-ana"],"aioseo_notices":[],"_links":{"self":[{"href":"https:\/\/arcoproperties.com\/es\/wp-json\/wp\/v2\/posts\/14205","targetHints":{"allow":["GET"]}}],"collection":[{"href":"https:\/\/arcoproperties.com\/es\/wp-json\/wp\/v2\/posts"}],"about":[{"href":"https:\/\/arcoproperties.com\/es\/wp-json\/wp\/v2\/types\/post"}],"author":[{"embeddable":true,"href":"https:\/\/arcoproperties.com\/es\/wp-json\/wp\/v2\/users\/5"}],"replies":[{"embeddable":true,"href":"https:\/\/arcoproperties.com\/es\/wp-json\/wp\/v2\/comments?post=14205"}],"version-history":[{"count":0,"href":"https:\/\/arcoproperties.com\/es\/wp-json\/wp\/v2\/posts\/14205\/revisions"}],"wp:featuredmedia":[{"embeddable":true,"href":"https:\/\/arcoproperties.com\/es\/wp-json\/wp\/v2\/media\/14207"}],"wp:attachment":[{"href":"https:\/\/arcoproperties.com\/es\/wp-json\/wp\/v2\/media?parent=14205"}],"wp:term":[{"taxonomy":"category","embeddable":true,"href":"https:\/\/arcoproperties.com\/es\/wp-json\/wp\/v2\/categories?post=14205"},{"taxonomy":"post_tag","embeddable":true,"href":"https:\/\/arcoproperties.com\/es\/wp-json\/wp\/v2\/tags?post=14205"}],"curies":[{"name":"wp","href":"https:\/\/api.w.org\/{rel}","templated":true}]}}