{"id":11280,"date":"2016-07-05T15:06:25","date_gmt":"2016-07-05T20:06:25","guid":{"rendered":"http:\/\/arcoproperties.com\/?p=11280"},"modified":"2016-07-05T15:27:55","modified_gmt":"2016-07-05T20:27:55","slug":"el-programa-enlaces-va-a-europa","status":"publish","type":"post","link":"https:\/\/arcoproperties.com\/es\/el-programa-enlaces-va-a-europa\/","title":{"rendered":"El Programa Enlaces va a Europa"},"content":{"rendered":"<div style=\"margin-top: 0px; margin-bottom: 0px;\" class=\"sharethis-inline-share-buttons\" ><\/div><p>Tan orgullosos de los chicos de Enlaces! En junio a Jos\u00e9, uno de sus estudiantes, se le invit\u00f3 a participar en Danza Juvenil Opus 1 en Eslovenia. Jos\u00e9 viaj\u00f3 con su instructor Jos\u00e9 Leonardo Amaya, y en el camino pasaron por Par\u00eds.<\/p>\n<p>Si no est\u00e1s familiarizado con Enlaces, este es el programa extracurricular de la Fundaci\u00f3n Calicanto que se enfoca en ni\u00f1os del Casco Viejo y el Chorrillo. Tienen un un buen grupo de ni\u00f1os j\u00f3venes que ya han empezado a presentarse y algunos m\u00e1s avanzados que han intentado sus propias coreograf\u00edas y han participado en producciones mayores en el escenario.<\/p>\n<p>Orgullosos de Jos\u00e9\u00a0y el equipo de Enlaces!<\/p>\n<p>Para ver m\u00e1s visita<a href=\"http:\/\/us13.campaign-archive1.com\/?u=580116247874d2e16798283e5&amp;id=4c3933f741&amp;e=9909b1183f\"> AQUI<\/a>.<\/p>\n","protected":false},"excerpt":{"rendered":"<p>Tan orgullosos de los chicos de Enlaces! En junio a Jos\u00e9, uno de sus estudiantes, se le invit\u00f3 a participar en Danza Juvenil Opus 1 en Eslovenia. Jos\u00e9 viaj\u00f3 con su instructor Jos\u00e9 Leonardo Amaya, y en el camino pasaron por Par\u00eds. Si no est\u00e1s familiarizado con Enlaces, este es el programa extracurricular de la [&hellip;]<\/p>\n","protected":false},"author":5,"featured_media":0,"comment_status":"open","ping_status":"closed","sticky":false,"template":"","format":"standard","meta":{"footnotes":""},"categories":[156,877],"tags":[1132,828,1087,1317,1318],"class_list":["post-11280","post","type-post","status-publish","format-standard","hentry","category-casco-antiguo","category-casco-viejo-casco-antiguo","tag-casco-viejo-community","tag-casco-viejo-ngo","tag-comunidad-casco-viejo","tag-panama-casco-antiguo-es-2","tag-panama-casco-viejo-es-2"],"aioseo_notices":[],"_links":{"self":[{"href":"https:\/\/arcoproperties.com\/es\/wp-json\/wp\/v2\/posts\/11280","targetHints":{"allow":["GET"]}}],"collection":[{"href":"https:\/\/arcoproperties.com\/es\/wp-json\/wp\/v2\/posts"}],"about":[{"href":"https:\/\/arcoproperties.com\/es\/wp-json\/wp\/v2\/types\/post"}],"author":[{"embeddable":true,"href":"https:\/\/arcoproperties.com\/es\/wp-json\/wp\/v2\/users\/5"}],"replies":[{"embeddable":true,"href":"https:\/\/arcoproperties.com\/es\/wp-json\/wp\/v2\/comments?post=11280"}],"version-history":[{"count":0,"href":"https:\/\/arcoproperties.com\/es\/wp-json\/wp\/v2\/posts\/11280\/revisions"}],"wp:attachment":[{"href":"https:\/\/arcoproperties.com\/es\/wp-json\/wp\/v2\/media?parent=11280"}],"wp:term":[{"taxonomy":"category","embeddable":true,"href":"https:\/\/arcoproperties.com\/es\/wp-json\/wp\/v2\/categories?post=11280"},{"taxonomy":"post_tag","embeddable":true,"href":"https:\/\/arcoproperties.com\/es\/wp-json\/wp\/v2\/tags?post=11280"}],"curies":[{"name":"wp","href":"https:\/\/api.w.org\/{rel}","templated":true}]}}