{"id":10738,"date":"2015-12-23T17:32:27","date_gmt":"2015-12-23T22:32:27","guid":{"rendered":"http:\/\/arcoproperties.com\/?p=10738"},"modified":"2015-12-23T17:32:27","modified_gmt":"2015-12-23T22:32:27","slug":"conciertos-navidenos-y-mas","status":"publish","type":"post","link":"https:\/\/arcoproperties.com\/es\/conciertos-navidenos-y-mas\/","title":{"rendered":"Conciertos Navide\u00f1os y M\u00e1s"},"content":{"rendered":"<div style=\"margin-top: 0px; margin-bottom: 0px;\" class=\"sharethis-inline-share-buttons\" ><\/div><p>Panam\u00e1, Casco Viejo, Casco Antiguo<\/p>\n<p>Diciembre 25: 7 p.m. at La Iglesia de la Merced en Casco Viejo.\u00a0 Los coros de\u00a0 Santa Teresa de Jes\u00fas y los ni\u00f1os Cantores de Azuero.<\/p>\n<p>Enero 6: Sinf\u00f3nica Nacional de Panam\u00e1 estar\u00e1 tocando en la Plaza Catedral en un evento gratuito para ni\u00f1os y grandes. Desde las 3 p.m.<\/p>\n<p>Enero 8: La Fundaci\u00f3n Mario de Obald\u00eda\u00b4s con el University of Georgia y el Hugh Hogdson School of Music tendr\u00e1n un concierto en el teatro\u00a0 Anita Villalaz , Info:\u00a0 <a href=\"mailto:fundamoapanama@gmail.com\">fundamoapanama@gmail.com<\/a><\/p>\n<p>Enero 11 al 16: Panama Jazz Festival!!! de seguro el Danilo Jazz Club tendr\u00e1 montones de actividad, as\u00ed que mant\u00e9nganse en sinton\u00eda!<\/p>\n<p><a href=\"http:\/\/arcoproperties.com\/wp-content\/uploads\/2015\/12\/DSC05467.jpg\"><img loading=\"lazy\" decoding=\"async\" class=\"aligncenter size-medium wp-image-10736\" src=\"http:\/\/arcoproperties.com\/wp-content\/uploads\/2015\/12\/DSC05467-300x200.jpg\" alt=\"DSC05467\" width=\"300\" height=\"200\" srcset=\"https:\/\/arcoproperties.com\/wp-content\/uploads\/2015\/12\/DSC05467-300x200.jpg 300w, https:\/\/arcoproperties.com\/wp-content\/uploads\/2015\/12\/DSC05467-1024x682.jpg 1024w, https:\/\/arcoproperties.com\/wp-content\/uploads\/2015\/12\/DSC05467.jpg 1920w\" sizes=\"auto, (max-width: 300px) 100vw, 300px\" \/><\/a><\/p>\n","protected":false},"excerpt":{"rendered":"<p>Panam\u00e1, Casco Viejo, Casco Antiguo Diciembre 25: 7 p.m. at La Iglesia de la Merced en Casco Viejo.\u00a0 Los coros de\u00a0 Santa Teresa de Jes\u00fas y los ni\u00f1os Cantores de Azuero. Enero 6: Sinf\u00f3nica Nacional de Panam\u00e1 estar\u00e1 tocando en la Plaza Catedral en un evento gratuito para ni\u00f1os y grandes. Desde las 3 p.m. [&hellip;]<\/p>\n","protected":false},"author":5,"featured_media":0,"comment_status":"open","ping_status":"closed","sticky":false,"template":"","format":"standard","meta":{"footnotes":""},"categories":[156,877],"tags":[826,430,431],"class_list":["post-10738","post","type-post","status-publish","format-standard","hentry","category-casco-antiguo","category-casco-viejo-casco-antiguo","tag-casco-viejo-eventos","tag-panama-casco-antiguo","tag-panama-casco-viejo"],"aioseo_notices":[],"_links":{"self":[{"href":"https:\/\/arcoproperties.com\/es\/wp-json\/wp\/v2\/posts\/10738","targetHints":{"allow":["GET"]}}],"collection":[{"href":"https:\/\/arcoproperties.com\/es\/wp-json\/wp\/v2\/posts"}],"about":[{"href":"https:\/\/arcoproperties.com\/es\/wp-json\/wp\/v2\/types\/post"}],"author":[{"embeddable":true,"href":"https:\/\/arcoproperties.com\/es\/wp-json\/wp\/v2\/users\/5"}],"replies":[{"embeddable":true,"href":"https:\/\/arcoproperties.com\/es\/wp-json\/wp\/v2\/comments?post=10738"}],"version-history":[{"count":0,"href":"https:\/\/arcoproperties.com\/es\/wp-json\/wp\/v2\/posts\/10738\/revisions"}],"wp:attachment":[{"href":"https:\/\/arcoproperties.com\/es\/wp-json\/wp\/v2\/media?parent=10738"}],"wp:term":[{"taxonomy":"category","embeddable":true,"href":"https:\/\/arcoproperties.com\/es\/wp-json\/wp\/v2\/categories?post=10738"},{"taxonomy":"post_tag","embeddable":true,"href":"https:\/\/arcoproperties.com\/es\/wp-json\/wp\/v2\/tags?post=10738"}],"curies":[{"name":"wp","href":"https:\/\/api.w.org\/{rel}","templated":true}]}}