{"id":10534,"date":"2015-08-28T08:47:26","date_gmt":"2015-08-28T13:47:26","guid":{"rendered":"http:\/\/arcoproperties.com\/?p=10534"},"modified":"2015-08-28T08:50:49","modified_gmt":"2015-08-28T13:50:49","slug":"fiesta-de-inauguracion-de-banistmo-en-plaza-herrera","status":"publish","type":"post","link":"https:\/\/arcoproperties.com\/es\/fiesta-de-inauguracion-de-banistmo-en-plaza-herrera\/","title":{"rendered":"Fiesta de inauguraci\u00f3n de Banistmo en Plaza Herrera"},"content":{"rendered":"<div style=\"margin-top: 0px; margin-bottom: 0px;\" class=\"sharethis-inline-share-buttons\" ><\/div><p>Panam\u00e1, Casco Viejo, Casco Antiguo<\/p>\n<p>La fiesta oficial fue el s\u00e1bado pasado, y fuera de los conciertos, lo que nos encant\u00f3 fue el esfuerzo que hicieron para incluir a los programas comunitarios. Hubo danzas de los ni\u00f1os de Aprojusan y de Enlaces (Calicanto). La comida incluy\u00f3 a los chicos de Fortaleza, del programa Esperanza. El joven rapeador Jacobo (el hijo de Nico, de La Vecindad) tuvo la oportunidad de compartir escenario con Nando Boom, conocido cantante en Panam\u00e1, quien hizo los pininos del g\u00e9nero de reggueaton.<\/p>\n<p>Tambi\u00e9n abrieron sus puertas a posiciones de internado para j\u00f3venes graduandos de Aprojusan. Y &#8230; reciclaron! cereza sobre el pastel. Aqu\u00ed van algunas fotos:<\/p>\n<p><a href=\"http:\/\/arcoproperties.com\/wp-content\/uploads\/2015\/08\/recycling.jpg\"><img loading=\"lazy\" decoding=\"async\" class=\"aligncenter size-medium wp-image-10527\" src=\"http:\/\/arcoproperties.com\/wp-content\/uploads\/2015\/08\/recycling-300x225.jpg\" alt=\"recycling\" width=\"300\" height=\"225\" srcset=\"https:\/\/arcoproperties.com\/wp-content\/uploads\/2015\/08\/recycling-300x225.jpg 300w, https:\/\/arcoproperties.com\/wp-content\/uploads\/2015\/08\/recycling-1024x768.jpg 1024w, https:\/\/arcoproperties.com\/wp-content\/uploads\/2015\/08\/recycling.jpg 1920w\" sizes=\"auto, (max-width: 300px) 100vw, 300px\" \/><\/a> <a href=\"http:\/\/arcoproperties.com\/wp-content\/uploads\/2015\/08\/interns.jpg\"><img loading=\"lazy\" decoding=\"async\" class=\"aligncenter size-medium wp-image-10528\" src=\"http:\/\/arcoproperties.com\/wp-content\/uploads\/2015\/08\/interns-300x225.jpg\" alt=\"interns\" width=\"300\" height=\"225\" srcset=\"https:\/\/arcoproperties.com\/wp-content\/uploads\/2015\/08\/interns-300x225.jpg 300w, https:\/\/arcoproperties.com\/wp-content\/uploads\/2015\/08\/interns-1024x768.jpg 1024w, https:\/\/arcoproperties.com\/wp-content\/uploads\/2015\/08\/interns.jpg 1920w\" sizes=\"auto, (max-width: 300px) 100vw, 300px\" \/><\/a> <a href=\"http:\/\/arcoproperties.com\/wp-content\/uploads\/2015\/08\/Fortaleza-comida.jpg\"><img loading=\"lazy\" decoding=\"async\" class=\"aligncenter size-medium wp-image-10529\" src=\"http:\/\/arcoproperties.com\/wp-content\/uploads\/2015\/08\/Fortaleza-comida-300x225.jpg\" alt=\"Fortaleza comida\" width=\"300\" height=\"225\" srcset=\"https:\/\/arcoproperties.com\/wp-content\/uploads\/2015\/08\/Fortaleza-comida-300x225.jpg 300w, https:\/\/arcoproperties.com\/wp-content\/uploads\/2015\/08\/Fortaleza-comida-1024x768.jpg 1024w, https:\/\/arcoproperties.com\/wp-content\/uploads\/2015\/08\/Fortaleza-comida.jpg 1920w\" sizes=\"auto, (max-width: 300px) 100vw, 300px\" \/><\/a> <a href=\"http:\/\/arcoproperties.com\/wp-content\/uploads\/2015\/08\/dancers.jpg\"><img loading=\"lazy\" decoding=\"async\" class=\"aligncenter size-medium wp-image-10530\" src=\"http:\/\/arcoproperties.com\/wp-content\/uploads\/2015\/08\/dancers-300x225.jpg\" alt=\"dancers\" width=\"300\" height=\"225\" srcset=\"https:\/\/arcoproperties.com\/wp-content\/uploads\/2015\/08\/dancers-300x225.jpg 300w, https:\/\/arcoproperties.com\/wp-content\/uploads\/2015\/08\/dancers-1024x768.jpg 1024w, https:\/\/arcoproperties.com\/wp-content\/uploads\/2015\/08\/dancers.jpg 1920w\" sizes=\"auto, (max-width: 300px) 100vw, 300px\" \/><\/a> <a href=\"http:\/\/arcoproperties.com\/wp-content\/uploads\/2015\/08\/Banistmo-people.jpg\"><img loading=\"lazy\" decoding=\"async\" class=\"aligncenter size-medium wp-image-10531\" src=\"http:\/\/arcoproperties.com\/wp-content\/uploads\/2015\/08\/Banistmo-people-300x225.jpg\" alt=\"Banistmo people\" width=\"300\" height=\"225\" srcset=\"https:\/\/arcoproperties.com\/wp-content\/uploads\/2015\/08\/Banistmo-people-300x225.jpg 300w, https:\/\/arcoproperties.com\/wp-content\/uploads\/2015\/08\/Banistmo-people-1024x768.jpg 1024w, https:\/\/arcoproperties.com\/wp-content\/uploads\/2015\/08\/Banistmo-people.jpg 1920w\" sizes=\"auto, (max-width: 300px) 100vw, 300px\" \/><\/a> <a href=\"http:\/\/arcoproperties.com\/wp-content\/uploads\/2015\/08\/Aprojusan-bailes.jpg\"><img loading=\"lazy\" decoding=\"async\" class=\"aligncenter size-medium wp-image-10532\" src=\"http:\/\/arcoproperties.com\/wp-content\/uploads\/2015\/08\/Aprojusan-bailes-300x225.jpg\" alt=\"Aprojusan bailes\" width=\"300\" height=\"225\" srcset=\"https:\/\/arcoproperties.com\/wp-content\/uploads\/2015\/08\/Aprojusan-bailes-300x225.jpg 300w, https:\/\/arcoproperties.com\/wp-content\/uploads\/2015\/08\/Aprojusan-bailes-1024x768.jpg 1024w, https:\/\/arcoproperties.com\/wp-content\/uploads\/2015\/08\/Aprojusan-bailes.jpg 1920w\" sizes=\"auto, (max-width: 300px) 100vw, 300px\" \/><\/a><br \/>\n<iframe loading=\"lazy\" width=\"560\" height=\"315\" src=\"https:\/\/www.youtube.com\/embed\/0LxCLuRhpKc\" frameborder=\"0\" allowfullscreen><\/iframe><\/p>\n<p>&nbsp;<\/p>\n","protected":false},"excerpt":{"rendered":"<p>Panam\u00e1, Casco Viejo, Casco Antiguo La fiesta oficial fue el s\u00e1bado pasado, y fuera de los conciertos, lo que nos encant\u00f3 fue el esfuerzo que hicieron para incluir a los programas comunitarios. Hubo danzas de los ni\u00f1os de Aprojusan y de Enlaces (Calicanto). La comida incluy\u00f3 a los chicos de Fortaleza, del programa Esperanza. El [&hellip;]<\/p>\n","protected":false},"author":5,"featured_media":0,"comment_status":"open","ping_status":"closed","sticky":false,"template":"","format":"standard","meta":{"footnotes":""},"categories":[],"tags":[],"class_list":["post-10534","post","type-post","status-publish","format-standard","hentry"],"aioseo_notices":[],"aioseo_head":"\n\t\t<!-- All in One SEO 5.0.0.1 - aioseo.com -->\n\t<meta name=\"description\" content=\"Banistmo inaugura de la mano de la comunidad del Casco.\" \/>\n\t<meta name=\"robots\" content=\"max-image-preview:large\" \/>\n\t<meta name=\"author\" content=\"Patrizia Pinz\u00f3n\"\/>\n\t<link rel=\"canonical\" href=\"https:\/\/arcoproperties.com\/es\/fiesta-de-inauguracion-de-banistmo-en-plaza-herrera\/\" \/>\n\t<meta name=\"generator\" content=\"All in One SEO (AIOSEO) 5.0.0.1\" \/>\n\n\t\t<meta name=\"google-site-verification\" content=\"lVoab7dr0-H97hiVS2gSXkk6A4CcIBqZdyG2d31KUrA\" \/>\n\t\t<meta property=\"og:locale\" content=\"es_ES\" \/>\n\t\t<meta property=\"og:site_name\" content=\"Arco Properties | Real estate brokerage specialized in Panama`s colonial city, Casco Viejo. Residential and Commercial\" \/>\n\t\t<meta property=\"og:type\" content=\"article\" \/>\n\t\t<meta property=\"og:title\" content=\"Fiesta de inauguraci\u00f3n en el Casco Viejo | Arco Properties\" \/>\n\t\t<meta property=\"og:description\" content=\"Banistmo inaugura de la mano de la comunidad del Casco.\" \/>\n\t\t<meta property=\"og:url\" content=\"https:\/\/arcoproperties.com\/es\/fiesta-de-inauguracion-de-banistmo-en-plaza-herrera\/\" \/>\n\t\t<meta property=\"article:published_time\" content=\"2015-08-28T13:47:26+00:00\" \/>\n\t\t<meta property=\"article:modified_time\" content=\"2015-08-28T13:50:49+00:00\" \/>\n\t\t<meta name=\"twitter:card\" content=\"summary\" \/>\n\t\t<meta name=\"twitter:title\" content=\"Fiesta de inauguraci\u00f3n en el Casco Viejo | Arco Properties\" \/>\n\t\t<meta name=\"twitter:description\" content=\"Banistmo inaugura de la mano de la comunidad del Casco.\" \/>\n\t\t<script type=\"application\/ld+json\" class=\"aioseo-schema\">\n\t\t\t{\"@context\":\"https:\\\/\\\/schema.org\",\"@graph\":[{\"@type\":\"Article\",\"@id\":\"https:\\\/\\\/arcoproperties.com\\\/es\\\/fiesta-de-inauguracion-de-banistmo-en-plaza-herrera\\\/#article\",\"name\":\"Fiesta de inauguraci\\u00f3n en el Casco Viejo | Arco Properties\",\"headline\":\"Fiesta de inauguraci\\u00f3n de Banistmo en Plaza Herrera\",\"author\":{\"@id\":\"https:\\\/\\\/arcoproperties.com\\\/es\\\/author\\\/pinzon\\\/#author\"},\"publisher\":{\"@id\":\"https:\\\/\\\/arcoproperties.com\\\/es\\\/#organization\"},\"image\":{\"@type\":\"ImageObject\",\"url\":\"http:\\\/\\\/arcoproperties.com\\\/wp-content\\\/uploads\\\/2015\\\/08\\\/recycling-300x225.jpg\",\"@id\":\"https:\\\/\\\/arcoproperties.com\\\/es\\\/fiesta-de-inauguracion-de-banistmo-en-plaza-herrera\\\/#articleImage\"},\"datePublished\":\"2015-08-28T08:47:26-05:00\",\"dateModified\":\"2015-08-28T08:50:49-05:00\",\"inLanguage\":\"es-ES\",\"mainEntityOfPage\":{\"@id\":\"https:\\\/\\\/arcoproperties.com\\\/es\\\/fiesta-de-inauguracion-de-banistmo-en-plaza-herrera\\\/#webpage\"},\"isPartOf\":{\"@id\":\"https:\\\/\\\/arcoproperties.com\\\/es\\\/fiesta-de-inauguracion-de-banistmo-en-plaza-herrera\\\/#webpage\"}},{\"@type\":\"BreadcrumbList\",\"@id\":\"https:\\\/\\\/arcoproperties.com\\\/es\\\/fiesta-de-inauguracion-de-banistmo-en-plaza-herrera\\\/#breadcrumblist\",\"itemListElement\":[{\"@type\":\"ListItem\",\"@id\":\"https:\\\/\\\/arcoproperties.com\\\/es\\\/#listItem\",\"position\":1,\"name\":\"Inicio\",\"item\":\"https:\\\/\\\/arcoproperties.com\\\/es\\\/\",\"nextItem\":{\"@type\":\"ListItem\",\"@id\":\"https:\\\/\\\/arcoproperties.com\\\/es\\\/fiesta-de-inauguracion-de-banistmo-en-plaza-herrera\\\/#listItem\",\"name\":\"Fiesta de inauguraci\\u00f3n de Banistmo en Plaza Herrera\"}},{\"@type\":\"ListItem\",\"@id\":\"https:\\\/\\\/arcoproperties.com\\\/es\\\/fiesta-de-inauguracion-de-banistmo-en-plaza-herrera\\\/#listItem\",\"position\":2,\"name\":\"Fiesta de inauguraci\\u00f3n de Banistmo en Plaza Herrera\",\"previousItem\":{\"@type\":\"ListItem\",\"@id\":\"https:\\\/\\\/arcoproperties.com\\\/es\\\/#listItem\",\"name\":\"Inicio\"}}]},{\"@type\":\"Organization\",\"@id\":\"https:\\\/\\\/arcoproperties.com\\\/es\\\/#organization\",\"name\":\"Arco Properties\",\"description\":\"Real estate brokerage specialized in Panama`s colonial city, Casco Viejo. Residential and Commercial\",\"url\":\"https:\\\/\\\/arcoproperties.com\\\/es\\\/\",\"logo\":{\"@type\":\"ImageObject\",\"url\":\"https:\\\/\\\/arcoproperties.com\\\/wp-content\\\/uploads\\\/2024\\\/11\\\/logo-1.png\",\"@id\":\"https:\\\/\\\/arcoproperties.com\\\/es\\\/fiesta-de-inauguracion-de-banistmo-en-plaza-herrera\\\/#organizationLogo\",\"width\":401,\"height\":145},\"image\":{\"@id\":\"https:\\\/\\\/arcoproperties.com\\\/es\\\/fiesta-de-inauguracion-de-banistmo-en-plaza-herrera\\\/#organizationLogo\"}},{\"@type\":\"Person\",\"@id\":\"https:\\\/\\\/arcoproperties.com\\\/es\\\/author\\\/pinzon\\\/#author\",\"url\":\"https:\\\/\\\/arcoproperties.com\\\/es\\\/author\\\/pinzon\\\/\",\"name\":\"Patrizia Pinz\\u00f3n\",\"image\":{\"@type\":\"ImageObject\",\"@id\":\"https:\\\/\\\/arcoproperties.com\\\/es\\\/fiesta-de-inauguracion-de-banistmo-en-plaza-herrera\\\/#authorImage\",\"url\":\"https:\\\/\\\/secure.gravatar.com\\\/avatar\\\/9001fee99695f76eff9d82aa1ea9058060e8a5440ae2056833724ad816fc7200?s=96&d=mm&r=g\",\"width\":96,\"height\":96,\"caption\":\"Patrizia Pinz\\u00f3n\"}},{\"@type\":\"WebPage\",\"@id\":\"https:\\\/\\\/arcoproperties.com\\\/es\\\/fiesta-de-inauguracion-de-banistmo-en-plaza-herrera\\\/#webpage\",\"url\":\"https:\\\/\\\/arcoproperties.com\\\/es\\\/fiesta-de-inauguracion-de-banistmo-en-plaza-herrera\\\/\",\"name\":\"Fiesta de inauguraci\\u00f3n en el Casco Viejo | Arco Properties\",\"description\":\"Banistmo inaugura de la mano de la comunidad del Casco.\",\"inLanguage\":\"es-ES\",\"isPartOf\":{\"@id\":\"https:\\\/\\\/arcoproperties.com\\\/es\\\/#website\"},\"breadcrumb\":{\"@id\":\"https:\\\/\\\/arcoproperties.com\\\/es\\\/fiesta-de-inauguracion-de-banistmo-en-plaza-herrera\\\/#breadcrumblist\"},\"author\":{\"@id\":\"https:\\\/\\\/arcoproperties.com\\\/es\\\/author\\\/pinzon\\\/#author\"},\"creator\":{\"@id\":\"https:\\\/\\\/arcoproperties.com\\\/es\\\/author\\\/pinzon\\\/#author\"},\"datePublished\":\"2015-08-28T08:47:26-05:00\",\"dateModified\":\"2015-08-28T08:50:49-05:00\"},{\"@type\":\"WebSite\",\"@id\":\"https:\\\/\\\/arcoproperties.com\\\/es\\\/#website\",\"url\":\"https:\\\/\\\/arcoproperties.com\\\/es\\\/\",\"name\":\"Arco Properties\",\"description\":\"Real estate brokerage specialized in Panama`s colonial city, Casco Viejo. Residential and Commercial\",\"inLanguage\":\"es-ES\",\"publisher\":{\"@id\":\"https:\\\/\\\/arcoproperties.com\\\/es\\\/#organization\"}}]}\n\t\t<\/script>\n\t\t<!-- All in One SEO -->\n\n","aioseo_head_json":{"title":"Fiesta de inauguraci\u00f3n en el Casco Viejo | Arco Properties","description":"Banistmo inaugura de la mano de la comunidad del Casco.","canonical_url":"https:\/\/arcoproperties.com\/es\/fiesta-de-inauguracion-de-banistmo-en-plaza-herrera\/","robots":"max-image-preview:large","keywords":"","webmasterTools":{"miscellaneous":"&lt;meta name=\"google-site-verification\" content=\"lVoab7dr0-H97hiVS2gSXkk6A4CcIBqZdyG2d31KUrA\" \/&gt;&nbsp;"},"schema":{"@context":"https:\/\/schema.org","@graph":[{"@type":"Article","@id":"https:\/\/arcoproperties.com\/es\/fiesta-de-inauguracion-de-banistmo-en-plaza-herrera\/#article","name":"Fiesta de inauguraci\u00f3n en el Casco Viejo | Arco Properties","headline":"Fiesta de inauguraci\u00f3n de Banistmo en Plaza Herrera","author":{"@id":"https:\/\/arcoproperties.com\/es\/author\/pinzon\/#author"},"publisher":{"@id":"https:\/\/arcoproperties.com\/es\/#organization"},"image":{"@type":"ImageObject","url":"http:\/\/arcoproperties.com\/wp-content\/uploads\/2015\/08\/recycling-300x225.jpg","@id":"https:\/\/arcoproperties.com\/es\/fiesta-de-inauguracion-de-banistmo-en-plaza-herrera\/#articleImage"},"datePublished":"2015-08-28T08:47:26-05:00","dateModified":"2015-08-28T08:50:49-05:00","inLanguage":"es-ES","mainEntityOfPage":{"@id":"https:\/\/arcoproperties.com\/es\/fiesta-de-inauguracion-de-banistmo-en-plaza-herrera\/#webpage"},"isPartOf":{"@id":"https:\/\/arcoproperties.com\/es\/fiesta-de-inauguracion-de-banistmo-en-plaza-herrera\/#webpage"}},{"@type":"BreadcrumbList","@id":"https:\/\/arcoproperties.com\/es\/fiesta-de-inauguracion-de-banistmo-en-plaza-herrera\/#breadcrumblist","itemListElement":[{"@type":"ListItem","@id":"https:\/\/arcoproperties.com\/es\/#listItem","position":1,"name":"Inicio","item":"https:\/\/arcoproperties.com\/es\/","nextItem":{"@type":"ListItem","@id":"https:\/\/arcoproperties.com\/es\/fiesta-de-inauguracion-de-banistmo-en-plaza-herrera\/#listItem","name":"Fiesta de inauguraci\u00f3n de Banistmo en Plaza Herrera"}},{"@type":"ListItem","@id":"https:\/\/arcoproperties.com\/es\/fiesta-de-inauguracion-de-banistmo-en-plaza-herrera\/#listItem","position":2,"name":"Fiesta de inauguraci\u00f3n de Banistmo en Plaza Herrera","previousItem":{"@type":"ListItem","@id":"https:\/\/arcoproperties.com\/es\/#listItem","name":"Inicio"}}]},{"@type":"Organization","@id":"https:\/\/arcoproperties.com\/es\/#organization","name":"Arco Properties","description":"Real estate brokerage specialized in Panama`s colonial city, Casco Viejo. Residential and Commercial","url":"https:\/\/arcoproperties.com\/es\/","logo":{"@type":"ImageObject","url":"https:\/\/arcoproperties.com\/wp-content\/uploads\/2024\/11\/logo-1.png","@id":"https:\/\/arcoproperties.com\/es\/fiesta-de-inauguracion-de-banistmo-en-plaza-herrera\/#organizationLogo","width":401,"height":145},"image":{"@id":"https:\/\/arcoproperties.com\/es\/fiesta-de-inauguracion-de-banistmo-en-plaza-herrera\/#organizationLogo"}},{"@type":"Person","@id":"https:\/\/arcoproperties.com\/es\/author\/pinzon\/#author","url":"https:\/\/arcoproperties.com\/es\/author\/pinzon\/","name":"Patrizia Pinz\u00f3n","image":{"@type":"ImageObject","@id":"https:\/\/arcoproperties.com\/es\/fiesta-de-inauguracion-de-banistmo-en-plaza-herrera\/#authorImage","url":"https:\/\/secure.gravatar.com\/avatar\/9001fee99695f76eff9d82aa1ea9058060e8a5440ae2056833724ad816fc7200?s=96&d=mm&r=g","width":96,"height":96,"caption":"Patrizia Pinz\u00f3n"}},{"@type":"WebPage","@id":"https:\/\/arcoproperties.com\/es\/fiesta-de-inauguracion-de-banistmo-en-plaza-herrera\/#webpage","url":"https:\/\/arcoproperties.com\/es\/fiesta-de-inauguracion-de-banistmo-en-plaza-herrera\/","name":"Fiesta de inauguraci\u00f3n en el Casco Viejo | Arco Properties","description":"Banistmo inaugura de la mano de la comunidad del Casco.","inLanguage":"es-ES","isPartOf":{"@id":"https:\/\/arcoproperties.com\/es\/#website"},"breadcrumb":{"@id":"https:\/\/arcoproperties.com\/es\/fiesta-de-inauguracion-de-banistmo-en-plaza-herrera\/#breadcrumblist"},"author":{"@id":"https:\/\/arcoproperties.com\/es\/author\/pinzon\/#author"},"creator":{"@id":"https:\/\/arcoproperties.com\/es\/author\/pinzon\/#author"},"datePublished":"2015-08-28T08:47:26-05:00","dateModified":"2015-08-28T08:50:49-05:00"},{"@type":"WebSite","@id":"https:\/\/arcoproperties.com\/es\/#website","url":"https:\/\/arcoproperties.com\/es\/","name":"Arco Properties","description":"Real estate brokerage specialized in Panama`s colonial city, Casco Viejo. Residential and Commercial","inLanguage":"es-ES","publisher":{"@id":"https:\/\/arcoproperties.com\/es\/#organization"}}]},"og:locale":"es_ES","og:site_name":"Arco Properties | Real estate brokerage specialized in Panama`s colonial city, Casco Viejo. Residential and Commercial","og:type":"article","og:title":"Fiesta de inauguraci\u00f3n en el Casco Viejo | Arco Properties","og:description":"Banistmo inaugura de la mano de la comunidad del Casco.","og:url":"https:\/\/arcoproperties.com\/es\/fiesta-de-inauguracion-de-banistmo-en-plaza-herrera\/","article:published_time":"2015-08-28T13:47:26+00:00","article:modified_time":"2015-08-28T13:50:49+00:00","twitter:card":"summary","twitter:title":"Fiesta de inauguraci\u00f3n en el Casco Viejo | Arco Properties","twitter:description":"Banistmo inaugura de la mano de la comunidad del Casco."},"aioseo_meta_data":{"post_id":"10534","title":"Fiesta de inauguraci\u00f3n en el Casco Viejo | #site_title","description":"Banistmo inaugura de la mano de la comunidad del Casco.","keywords":[{"label":"Panam\u00e1 Casco Viejo","value":"Panam\u00e1 Casco Viejo"},{"label":"Panam\u00e1 Casco Antiguo","value":"Panam\u00e1 Casco Antiguo"},{"label":"Casco Viejo Negocios","value":"Casco Viejo Negocios"}],"keyphrases":null,"primary_term":null,"canonical_url":null,"og_title":null,"og_description":null,"og_object_type":"default","og_image_type":"default","og_image_url":null,"og_image_width":null,"og_image_height":null,"og_image_custom_url":null,"og_image_custom_fields":null,"og_video":null,"og_custom_url":null,"og_article_section":null,"og_article_tags":null,"twitter_use_og":false,"twitter_card":"default","twitter_image_type":"default","twitter_image_url":null,"twitter_image_custom_url":null,"twitter_image_custom_fields":null,"twitter_title":null,"twitter_description":null,"schema":{"blockGraphs":[],"customGraphs":[],"default":{"data":{"Article":[],"Course":[],"Dataset":[],"FAQPage":[],"Movie":[],"Person":[],"Product":[],"ProductReview":[],"Car":[],"Recipe":[],"Service":[],"SoftwareApplication":[],"WebPage":[]},"graphName":"Article","isEnabled":true},"graphs":[]},"schema_type":null,"schema_type_options":null,"pillar_content":false,"robots_default":true,"robots_noindex":false,"robots_noarchive":false,"robots_nosnippet":false,"robots_nofollow":false,"robots_noimageindex":false,"robots_noodp":false,"robots_notranslate":false,"robots_max_snippet":null,"robots_max_videopreview":null,"robots_max_imagepreview":"large","priority":null,"frequency":null,"local_seo":null,"limit_modified_date":false,"created":"2021-06-17 16:19:14","updated":"2024-11-07 16:00:50","ai":null,"breadcrumb_settings":null,"seo_analyzer_scan_date":null,"focus_keyword":null,"additional_keywords":null,"truseo_locale":null},"aioseo_breadcrumb":"<div class=\"aioseo-breadcrumbs\"><span class=\"aioseo-breadcrumb\">\n\t\t\t<a href=\"https:\/\/arcoproperties.com\/es\/\" title=\"Inicio\">Inicio<\/a>\n\t\t<\/span><span class=\"aioseo-breadcrumb-separator\">&raquo;<\/span><span class=\"aioseo-breadcrumb\">\n\t\t\tFiesta de inauguraci\u00f3n de Banistmo en Plaza Herrera\n\t\t<\/span><\/div>","aioseo_breadcrumb_json":[{"label":"Inicio","link":"https:\/\/arcoproperties.com\/es\/"},{"label":"Fiesta de inauguraci\u00f3n de Banistmo en Plaza Herrera","link":"https:\/\/arcoproperties.com\/es\/fiesta-de-inauguracion-de-banistmo-en-plaza-herrera\/"}],"_links":{"self":[{"href":"https:\/\/arcoproperties.com\/es\/wp-json\/wp\/v2\/posts\/10534","targetHints":{"allow":["GET"]}}],"collection":[{"href":"https:\/\/arcoproperties.com\/es\/wp-json\/wp\/v2\/posts"}],"about":[{"href":"https:\/\/arcoproperties.com\/es\/wp-json\/wp\/v2\/types\/post"}],"author":[{"embeddable":true,"href":"https:\/\/arcoproperties.com\/es\/wp-json\/wp\/v2\/users\/5"}],"replies":[{"embeddable":true,"href":"https:\/\/arcoproperties.com\/es\/wp-json\/wp\/v2\/comments?post=10534"}],"version-history":[{"count":0,"href":"https:\/\/arcoproperties.com\/es\/wp-json\/wp\/v2\/posts\/10534\/revisions"}],"wp:attachment":[{"href":"https:\/\/arcoproperties.com\/es\/wp-json\/wp\/v2\/media?parent=10534"}],"wp:term":[{"taxonomy":"category","embeddable":true,"href":"https:\/\/arcoproperties.com\/es\/wp-json\/wp\/v2\/categories?post=10534"},{"taxonomy":"post_tag","embeddable":true,"href":"https:\/\/arcoproperties.com\/es\/wp-json\/wp\/v2\/tags?post=10534"}],"curies":[{"name":"wp","href":"https:\/\/api.w.org\/{rel}","templated":true}]}}