{"id":10294,"date":"2015-05-21T14:33:14","date_gmt":"2015-05-21T19:33:14","guid":{"rendered":"http:\/\/arcoproperties.com\/?p=10294"},"modified":"2015-05-21T14:33:14","modified_gmt":"2015-05-21T19:33:14","slug":"festival-de-arte-en-avenida-central-30-de-mayo","status":"publish","type":"post","link":"https:\/\/arcoproperties.com\/es\/festival-de-arte-en-avenida-central-30-de-mayo\/","title":{"rendered":"Festival de Arte en Avenida Central: 30 de Mayo"},"content":{"rendered":"<div style=\"margin-top: 0px; margin-bottom: 0px;\" class=\"sharethis-inline-share-buttons\" ><\/div><p>Panam\u00e1, Casco Viejo, Casco Antiguo<\/p>\n<p>El 30 de Mayo, la Avenida Central ser\u00e1 el escenario del Festival de Arte V\u00eda Plural. Tendr\u00e1n de todo un poco! Patrocinan, entre otros, la Alianza Francesa, quien siempre trae cosas interesantes.\u00a0 Es gratis! de 2 p.m. a 5 p.m. . <a href=\"https:\/\/www.facebook.com\/events\/1592517327659625\/\">Esta es la p\u00e1gina Facebook del evento<\/a> y esta la de\u00a0<a href=\"https:\/\/www.facebook.com\/fiebrepanama\"> Via Plural<\/a>.<\/p>\n<p><a href=\"http:\/\/arcoproperties.com\/wp-content\/uploads\/2015\/05\/via-plural-art-fest-central-ave.png\"><img loading=\"lazy\" decoding=\"async\" class=\"aligncenter size-medium wp-image-10292\" src=\"http:\/\/arcoproperties.com\/wp-content\/uploads\/2015\/05\/via-plural-art-fest-central-ave-300x112.png\" alt=\"via plural art fest central ave\" width=\"300\" height=\"112\" srcset=\"https:\/\/arcoproperties.com\/wp-content\/uploads\/2015\/05\/via-plural-art-fest-central-ave-300x112.png 300w, https:\/\/arcoproperties.com\/wp-content\/uploads\/2015\/05\/via-plural-art-fest-central-ave.png 960w\" sizes=\"auto, (max-width: 300px) 100vw, 300px\" \/><\/a><\/p>\n","protected":false},"excerpt":{"rendered":"<p>Panam\u00e1, Casco Viejo, Casco Antiguo El 30 de Mayo, la Avenida Central ser\u00e1 el escenario del Festival de Arte V\u00eda Plural. Tendr\u00e1n de todo un poco! Patrocinan, entre otros, la Alianza Francesa, quien siempre trae cosas interesantes.\u00a0 Es gratis! de 2 p.m. a 5 p.m. . Esta es la p\u00e1gina Facebook del evento y esta [&hellip;]<\/p>\n","protected":false},"author":5,"featured_media":0,"comment_status":"open","ping_status":"closed","sticky":false,"template":"","format":"standard","meta":{"footnotes":""},"categories":[156,877],"tags":[826,430,431],"class_list":["post-10294","post","type-post","status-publish","format-standard","hentry","category-casco-antiguo","category-casco-viejo-casco-antiguo","tag-casco-viejo-eventos","tag-panama-casco-antiguo","tag-panama-casco-viejo"],"aioseo_notices":[],"_links":{"self":[{"href":"https:\/\/arcoproperties.com\/es\/wp-json\/wp\/v2\/posts\/10294","targetHints":{"allow":["GET"]}}],"collection":[{"href":"https:\/\/arcoproperties.com\/es\/wp-json\/wp\/v2\/posts"}],"about":[{"href":"https:\/\/arcoproperties.com\/es\/wp-json\/wp\/v2\/types\/post"}],"author":[{"embeddable":true,"href":"https:\/\/arcoproperties.com\/es\/wp-json\/wp\/v2\/users\/5"}],"replies":[{"embeddable":true,"href":"https:\/\/arcoproperties.com\/es\/wp-json\/wp\/v2\/comments?post=10294"}],"version-history":[{"count":0,"href":"https:\/\/arcoproperties.com\/es\/wp-json\/wp\/v2\/posts\/10294\/revisions"}],"wp:attachment":[{"href":"https:\/\/arcoproperties.com\/es\/wp-json\/wp\/v2\/media?parent=10294"}],"wp:term":[{"taxonomy":"category","embeddable":true,"href":"https:\/\/arcoproperties.com\/es\/wp-json\/wp\/v2\/categories?post=10294"},{"taxonomy":"post_tag","embeddable":true,"href":"https:\/\/arcoproperties.com\/es\/wp-json\/wp\/v2\/tags?post=10294"}],"curies":[{"name":"wp","href":"https:\/\/api.w.org\/{rel}","templated":true}]}}